{"id":35389,"date":"2023-06-22T23:11:00","date_gmt":"2023-06-22T21:11:00","guid":{"rendered":"http:\/\/centralmedia.rs\/?p=35389"},"modified":"2023-06-26T16:17:01","modified_gmt":"2023-06-26T14:17:01","slug":"vidovdanske-kulturne-svecanosti","status":"publish","type":"post","link":"https:\/\/centralmedia.rs\/index.php\/2023\/06\/22\/vidovdanske-kulturne-svecanosti\/","title":{"rendered":"VIDOVDANSKE KULTURNE SVE\u010cANOSTI"},"content":{"rendered":"<p>\u010cAJETINA-Sve\u010danost povodom\u00a0 dodele priznanja \u201eVitez Srbije\u201c u okviru manifestacije\u00a0 Vidovdanske kulturne sve\u010danosti, bi\u0107e odr\u017eana u \u010detvrtak , 29. juna, u Kulturnom centru \u201eZlatibor\u201c , sa po\u010detkom u 18 \u010dasova. Po zavr\u0161etku sve\u010dane dodele priznanja bi\u0107e izvedena predstava \u201eKnjiga o Milutinu\u201c.<\/p>\n<p>Vidovdanske kulturne sve\u010danosti odr\u017eavaju se \u010detrnaesti put za redom pod pokroviteljstvom op\u0161tine \u010cajetina\u00a0 uz podr\u0161ku Turisti\u010dke organizacije Zlatibor.<\/p>\n<p>\u017diri Vidovdanskih kulturnih sve\u010danosti jednoglasno je odlu\u010dio da dodeli osam plaketa iz razli\u010ditih oblasti .<\/p>\n<p>Plaketa\u00a0 Vitez srpske knji\u017eevnosti\u00a0 pripala je\u00a0 Gordani Maleti\u0107 \/Priredila je deset antologija srpske proze za decu i jednu poezije\/.<\/p>\n<p>Vitez srpske glume je Nenad Jezdi\u0107 \/ Dramski umetnik,sna\u017enog i jedinstvenog gluma\u010dkog izraza.Njegov rad karakteri\u0161e raznovrsni dijapazon uloga i veliki stvarala\u010dki obim na filmu, pozori\u0161tu i televiziji\/.<\/p>\n<p>Vitez srpske\u00a0 muzike je virtouz na harmonici Ljubi\u0161a Pavkovi\u0107\/ Objavio je antologijsku zbirku odabranih narodnih pesama pod nazivom \u201eNarodne pesme Balkana\u201c\/.<\/p>\n<p>Valentina Deli\u0107 je Vitez srpske kulture\/ o\u010duvanje tradicije\/, autor Serijala emisija \u201eNekada davno -Srpske narodne bajke\u201c,<\/p>\n<p>Vitez srpskog slikarstva je Slavko Kruni\u0107 \/ Vi\u0161estruko\u00a0 nagra\u0111ivan umetnik,njegove ilustracije su na\u0161le put do brojnih knjiga i \u010dasopisa. Sa francuskom knji\u017eevnicom Elodi Pinel je objavio knjigu \u201cSatirikone\u201d\/.<\/p>\n<p>Vitez srpskog sporta je paraatleti\u010dar Neboj\u0161a \u0110uri\u0107 \/ Oborio svetski rekord u bacanju diska na Svetskom kupu u paraatletici u Italiji i osvojio je zlatnu medalju . Uspe\u0161no promovi\u0161e sport me\u0111u osobama sa invaliditetom\/.<\/p>\n<p>Vitez srpske medicine je Klinika za kardiohirurgiju UKC Ni\u0161\/ Nakon gotovo 100 dana rada i 12 uzastopnih radnih vikenda u kojima je osoblje radilo bez finansijske naknade, Klinika za kardiohirurgiju u Ni\u0161u ostvarila je cilj &#8211; liste \u010dekanja su eliminisane i pre\u0161le su u liste zakazivanja\/.<\/p>\n<p>Vitez srpske privrede Ljubi\u0161a Krstaji\u0107 \/investicija u razvoj hotelijerstva na Zlatiboru\/.<\/p>\n<p>Ovogodi\u0161nji nagra\u0111eni priznanja su dobili kao najistaknutiji pripadnici svojih profesija, koji zahvaljuju\u0107i svojim dostignu\u0107ima godinama unazad daju vite\u0161ke doprinose oblastima kojima se bave.<\/p>\n<p>U programu \u0107e u\u010destvovati dramska umetnica Vaja Dujovi\u0107 i vokalna etno grupa \u201cIsto\u010dnik\u201c.<\/p>\n","protected":false},"excerpt":{"rendered":"<p>\u010cAJETINA-Sve\u010danost povodom\u00a0 dodele priznanja \u201eVitez Srbije\u201c u okviru manifestacije\u00a0 Vidovdanske kulturne sve\u010danosti, bi\u0107e odr\u017eana u \u010detvrtak , 29. juna, u Kulturnom centru \u201eZlatibor\u201c , sa &hellip; <\/p>\n","protected":false},"author":2,"featured_media":35390,"comment_status":"open","ping_status":"open","sticky":false,"template":"","format":"standard","meta":{"footnotes":""},"categories":[2875,5787,1524,2,15,887,12],"tags":[3341,913],"_links":{"self":[{"href":"https:\/\/centralmedia.rs\/index.php\/wp-json\/wp\/v2\/posts\/35389"}],"collection":[{"href":"https:\/\/centralmedia.rs\/index.php\/wp-json\/wp\/v2\/posts"}],"about":[{"href":"https:\/\/centralmedia.rs\/index.php\/wp-json\/wp\/v2\/types\/post"}],"author":[{"embeddable":true,"href":"https:\/\/centralmedia.rs\/index.php\/wp-json\/wp\/v2\/users\/2"}],"replies":[{"embeddable":true,"href":"https:\/\/centralmedia.rs\/index.php\/wp-json\/wp\/v2\/comments?post=35389"}],"version-history":[{"count":1,"href":"https:\/\/centralmedia.rs\/index.php\/wp-json\/wp\/v2\/posts\/35389\/revisions"}],"predecessor-version":[{"id":35391,"href":"https:\/\/centralmedia.rs\/index.php\/wp-json\/wp\/v2\/posts\/35389\/revisions\/35391"}],"wp:featuredmedia":[{"embeddable":true,"href":"https:\/\/centralmedia.rs\/index.php\/wp-json\/wp\/v2\/media\/35390"}],"wp:attachment":[{"href":"https:\/\/centralmedia.rs\/index.php\/wp-json\/wp\/v2\/media?parent=35389"}],"wp:term":[{"taxonomy":"category","embeddable":true,"href":"https:\/\/centralmedia.rs\/index.php\/wp-json\/wp\/v2\/categories?post=35389"},{"taxonomy":"post_tag","embeddable":true,"href":"https:\/\/centralmedia.rs\/index.php\/wp-json\/wp\/v2\/tags?post=35389"}],"curies":[{"name":"wp","href":"https:\/\/api.w.org\/{rel}","templated":true}]}}