{"id":35401,"date":"2023-06-22T23:16:10","date_gmt":"2023-06-22T21:16:10","guid":{"rendered":"http:\/\/centralmedia.rs\/?p=35401"},"modified":"2023-06-30T21:21:12","modified_gmt":"2023-06-30T19:21:12","slug":"u-milosevu-pocinje-snimanje-filma-lordana-zafranovica-o-genocidu-nad-srbima-u-hrvatskoj","status":"publish","type":"post","link":"https:\/\/centralmedia.rs\/index.php\/2023\/06\/22\/u-milosevu-pocinje-snimanje-filma-lordana-zafranovica-o-genocidu-nad-srbima-u-hrvatskoj\/","title":{"rendered":"U MILO\u0160EVU PO\u010cINJE SNIMANJE FILMA LORDANA ZAFRANOVI\u0106A O GENOCIDU NAD SRBIMA U HRVATSKOJ"},"content":{"rendered":"<p>JAGODINA- Na obali Velike Morave kod Milo\u0161eva sa jagodinske i Rado\u0161ina sa svilajna\u010dke strane spremna je scenografija za po\u010detak snimanja filma i serije Zlatni rez 42 \u2013 Deca Kozare u re\u017eiji Lordana Zafranovi\u0107a. Na obali reke napravljen je logor i ostali objekti koji su karakterisali logor u Jasenvocu, Morava \u0107e ,,glumiti\u201d Savu, tu je skela, jer su logora\u0161i prevo\u017eeni iz Jasenovca u Gradi\u0161ku. \u00a0Re\u010d je o filmu koji bi trebalo da svedo\u010di o genocidu na srpskim narodom u Hrvatskoj u drugom svetskom ratu. Me\u0111utim, zbog plavnih voda Velike Morave \u00a0voda snimanje, koje je bilo predvi\u0111eno da po\u010dne 20. juna bi\u0107e odlo\u017eeno do povla\u010denja vode.<\/p>\n<p><img loading=\"lazy\" decoding=\"async\" class=\"alignnone wp-image-35404 size-large\" src=\"http:\/\/centralmedia.rs\/wp-content\/uploads\/2023\/06\/DECA-KOZARE1-805x1024.jpg\" alt=\"\" width=\"640\" height=\"814\" srcset=\"https:\/\/centralmedia.rs\/wp-content\/uploads\/2023\/06\/DECA-KOZARE1-805x1024.jpg 805w, https:\/\/centralmedia.rs\/wp-content\/uploads\/2023\/06\/DECA-KOZARE1-236x300.jpg 236w, https:\/\/centralmedia.rs\/wp-content\/uploads\/2023\/06\/DECA-KOZARE1-768x977.jpg 768w, https:\/\/centralmedia.rs\/wp-content\/uploads\/2023\/06\/DECA-KOZARE1-330x420.jpg 330w, https:\/\/centralmedia.rs\/wp-content\/uploads\/2023\/06\/DECA-KOZARE1-640x814.jpg 640w, https:\/\/centralmedia.rs\/wp-content\/uploads\/2023\/06\/DECA-KOZARE1-681x866.jpg 681w, https:\/\/centralmedia.rs\/wp-content\/uploads\/2023\/06\/DECA-KOZARE1.jpg 876w\" sizes=\"(max-width: 640px) 100vw, 640px\" \/><\/p>\n","protected":false},"excerpt":{"rendered":"<p>JAGODINA- Na obali Velike Morave kod Milo\u0161eva sa jagodinske i Rado\u0161ina sa svilajna\u010dke strane spremna je scenografija za po\u010detak snimanja filma i serije Zlatni rez &hellip; <\/p>\n","protected":false},"author":2,"featured_media":35402,"comment_status":"open","ping_status":"open","sticky":false,"template":"","format":"standard","meta":{"footnotes":""},"categories":[1524,2,5643,1514,15,887,12],"tags":[2877,3280,1979,58,5085,6241,3415],"_links":{"self":[{"href":"https:\/\/centralmedia.rs\/index.php\/wp-json\/wp\/v2\/posts\/35401"}],"collection":[{"href":"https:\/\/centralmedia.rs\/index.php\/wp-json\/wp\/v2\/posts"}],"about":[{"href":"https:\/\/centralmedia.rs\/index.php\/wp-json\/wp\/v2\/types\/post"}],"author":[{"embeddable":true,"href":"https:\/\/centralmedia.rs\/index.php\/wp-json\/wp\/v2\/users\/2"}],"replies":[{"embeddable":true,"href":"https:\/\/centralmedia.rs\/index.php\/wp-json\/wp\/v2\/comments?post=35401"}],"version-history":[{"count":2,"href":"https:\/\/centralmedia.rs\/index.php\/wp-json\/wp\/v2\/posts\/35401\/revisions"}],"predecessor-version":[{"id":35405,"href":"https:\/\/centralmedia.rs\/index.php\/wp-json\/wp\/v2\/posts\/35401\/revisions\/35405"}],"wp:featuredmedia":[{"embeddable":true,"href":"https:\/\/centralmedia.rs\/index.php\/wp-json\/wp\/v2\/media\/35402"}],"wp:attachment":[{"href":"https:\/\/centralmedia.rs\/index.php\/wp-json\/wp\/v2\/media?parent=35401"}],"wp:term":[{"taxonomy":"category","embeddable":true,"href":"https:\/\/centralmedia.rs\/index.php\/wp-json\/wp\/v2\/categories?post=35401"},{"taxonomy":"post_tag","embeddable":true,"href":"https:\/\/centralmedia.rs\/index.php\/wp-json\/wp\/v2\/tags?post=35401"}],"curies":[{"name":"wp","href":"https:\/\/api.w.org\/{rel}","templated":true}]}}