{"id":3541,"date":"2016-06-30T11:12:04","date_gmt":"2016-06-30T11:12:04","guid":{"rendered":"http:\/\/centralmedia.rs\/?p=3541"},"modified":"2017-01-20T01:57:43","modified_gmt":"2017-01-20T01:57:43","slug":"cementra-crh-oprema-porodiliste-u-paracinu-donacija-vredna-50-000-evra","status":"publish","type":"post","link":"https:\/\/centralmedia.rs\/index.php\/2016\/06\/30\/cementra-crh-oprema-porodiliste-u-paracinu-donacija-vredna-50-000-evra\/","title":{"rendered":"CEMENTRA CRH OPREMA PORODILI\u0160TE U PARA\u0106INU &#8211; DONACIJA VREDNA 50.000 EVRA"},"content":{"rendered":"<p>BEOGRAD-Kompanija CRH Srbija i Fond B92 danas su potpisale ugovor o opremanju porodili\u0161ta u Para\u0107inu u vrednsoti 50.000 evra.<br \/>\n-Svaka kompanija mora da bude svesna va\u017ene uloge koju ima u stvaranju pozitivnih uticaja u sredini u kojoj posluje. Briga o porodili\u0161tima i briga o deci je najzna\u010dajnija i najva\u017enija za na\u0161e zaposlene, pogotovo \u0161to su mnogi od njih nedavno oformili svoje porodice. Cilj akcije \u201cBitka za bebe &#8211; bitka za porodili\u0161ta\u201d predstavlja tako\u0111e va\u017ean deo vrednosti dru\u0161tveno odgovornog poslovanja koje po\u0161tujemo u CRH Srbiji. U tom smislu, veoma nam je drago \u0161to smo u mogu\u0107nosti da uti\u010demo na pobolj\u0161anje nivoa nege koju \u0107e imati ubudu\u0107e mali pacijenti u para\u0107inskom porodili\u0161tu, rekao je generalni direktor CRH Srbije Frederik Obe.<br \/>\nUkupna vrednost donacije je blizu 50.000 evra i sa ovim novcem bi\u0107e obezbe\u0111ena slede\u0107a oprema: dva poro\u0111ajna stola, dva reanimaciona stola, jedan ginekolo\u0161ki sto, dva pacijent monitora, jedan bilirubinometar i LED lampa. Kako je pro\u0161le godine Fond \u201cDragica Nikoli\u0107\u201d izvr\u0161io potpunu rekonstrukciju zgrade, o\u010dekuje se da \u0107e nakon obezbe\u0111ivanja medicinske opreme para\u0107insko porodili\u0161te biti jedno od najmodernijih u Srbiji.<br \/>\nOprema \u0107e u para\u0107insko porodili\u0161te sti\u0107i krajem ove godine, pa \u0107e sve\u010dana ceremonija primopredaje biti organizovana sredinom decembra 2016. Ugovor su potpisali generalni direktor CRH Srbije, Frederik Obe i direktor Fonda B92 Veran Mati\u0107. CRH Srbija se pridru\u017eila akciji Fonda B92 \u201cBitka za bebe &#8211; bitka za porodili\u0161ta\u201d, koja ima za cilj da pobolj\u0161a stanje u kojem se nalaze zdravstvene institucije za negu beba u Srbiji.<\/p>\n","protected":false},"excerpt":{"rendered":"<p>BEOGRAD-Kompanija CRH Srbija i Fond B92 danas su potpisale ugovor o opremanju porodili\u0161ta u Para\u0107inu u vrednsoti 50.000 evra. -Svaka kompanija mora da bude svesna &hellip; <\/p>\n","protected":false},"author":4,"featured_media":3542,"comment_status":"open","ping_status":"open","sticky":false,"template":"","format":"standard","meta":{"footnotes":""},"categories":[28,1524,2,1516,12],"tags":[779,328,156,445],"_links":{"self":[{"href":"https:\/\/centralmedia.rs\/index.php\/wp-json\/wp\/v2\/posts\/3541"}],"collection":[{"href":"https:\/\/centralmedia.rs\/index.php\/wp-json\/wp\/v2\/posts"}],"about":[{"href":"https:\/\/centralmedia.rs\/index.php\/wp-json\/wp\/v2\/types\/post"}],"author":[{"embeddable":true,"href":"https:\/\/centralmedia.rs\/index.php\/wp-json\/wp\/v2\/users\/4"}],"replies":[{"embeddable":true,"href":"https:\/\/centralmedia.rs\/index.php\/wp-json\/wp\/v2\/comments?post=3541"}],"version-history":[{"count":0,"href":"https:\/\/centralmedia.rs\/index.php\/wp-json\/wp\/v2\/posts\/3541\/revisions"}],"wp:featuredmedia":[{"embeddable":true,"href":"https:\/\/centralmedia.rs\/index.php\/wp-json\/wp\/v2\/media\/3542"}],"wp:attachment":[{"href":"https:\/\/centralmedia.rs\/index.php\/wp-json\/wp\/v2\/media?parent=3541"}],"wp:term":[{"taxonomy":"category","embeddable":true,"href":"https:\/\/centralmedia.rs\/index.php\/wp-json\/wp\/v2\/categories?post=3541"},{"taxonomy":"post_tag","embeddable":true,"href":"https:\/\/centralmedia.rs\/index.php\/wp-json\/wp\/v2\/tags?post=3541"}],"curies":[{"name":"wp","href":"https:\/\/api.w.org\/{rel}","templated":true}]}}