{"id":35417,"date":"2023-06-24T22:51:37","date_gmt":"2023-06-24T20:51:37","guid":{"rendered":"http:\/\/centralmedia.rs\/?p=35417"},"modified":"2023-06-26T16:16:41","modified_gmt":"2023-06-26T14:16:41","slug":"vesic-grad-jagodina-pretrpeo-ogromnu-stetu","status":"publish","type":"post","link":"https:\/\/centralmedia.rs\/index.php\/2023\/06\/24\/vesic-grad-jagodina-pretrpeo-ogromnu-stetu\/","title":{"rendered":"VESI\u0106: GRAD JAGODINA PRETRPEO OGROMNU \u0160TETU"},"content":{"rendered":"<p>Goran Vesi\u0107, ministar gra\u0111evinarstva, saobra\u0107aja i infrastrukture i Dragan Markovi\u0107 Palma predsednik Jedinstvene Srbije, narodni poslanik i predsednik Skup\u0161tine grada Jagodine, obi\u0161li su\u00a0 poplavama pogo\u0111ena podru\u010dja na teritoriji grada Jagodine.<\/p>\n<p>Goran Vesi\u0107, ministar gra\u0111evinarstva, saobra\u0107aja i infrastrukture je tokom obilaska poplavom pogodjenih podru\u010dja na teritoriji grada Jagodine istakao da je Jagodina grad koji je u Srbiji mo\u017eda i najte\u017ee stradao. Po njegovoj oceni \u0161teta koju su u jagodinskom selu Drago\u0161evcu izazvale buji\u010dne vode je ogromna!<\/p>\n<p>-Mi moramo sada sistemski da pristupimo re\u0161avanju problema i da dr\u017eava zajedno sa lokalnim samoupravama obezbedi novac kako bi se regulisali vodotokovi. Apelujem na gradjane da osiguravaju svoja doma\u0107instva\u00a0 i poljoprivredne useve, jer u pojedinim slu\u010dajevima subvencija dr\u017eave je i do 70 odsto. Zahvaljujem se Draganu Markovi\u0107u Palmi \u0161to grad Jagodina nije\u00a0 \u010dekao na dr\u017eavu, ve\u0107 je\u00a0 od sredstava iz lokalnog bud\u017eeta\u00a0 po\u010deo da sanira \u0161tetu na poplavljenim doma\u0107instvima i putevima &#8211; kazao je ministar Vesi\u0107.<\/p>\n<p>Vesi\u0107 je kazao da dr\u017eava ve\u0107 u mnogim mestima u Srbiji radi na obnovi mostova i puteva i podsetio na re\u010di predsednika Vu\u010di\u0107a da ne\u0107e biti ku\u0107e u Srbiji koja je poplavljena, a da ne bude obnovljena.<\/p>\n<p>DRAGAN MARKOVI\u0106 PALMA: POMO\u0106I\u0106EMO SVAKOJ PORODICI<\/p>\n<p>Dragan Markovi\u0107 Palma,\u00a0 predsednik Skup\u0161tine grada Jagodine, slo\u017eio se sa ministrom Vesi\u0107em da je \u0161teta od poplava na teritoriji grada Jagodine ogromna i dodao da su veliki problem\u00a0 i\u00a0 poplavljeni usevi, pre svih polja pod p\u0161enicom gde je po\u010detkom jula trebalo da po\u010dne \u017eetva.<\/p>\n<p>-Moramo da vidimo kako \u0107emo tim ljudima da nadoknadimo \u0161tetu. Kako da pove\u0107amo obale vodotokova zbog kojih su poplavljeni i kako da pomognemo svakoj porodici koja je pretrpela \u0161tetu u poplavama. Mi smo poplavljenima odmah pomogli na taj na\u010din \u0161to smo im uru\u010dili higijenske i prehrambene pakete. Sada se kao problem javlja i poplavljeni name\u0161taj kao i bela tehnika, kod koje su pregoreli elektromotori. Siguran sam da \u0107e uz pomo\u0107 ministarstva na \u010dijem je \u010delu Goran Vesi\u0107, kao i predsednika Aleksandra Vu\u010di\u0107a, 80 odsto onoga \u0161to je uni\u0161teno biti i obnovljeno &#8211; rekao je Markovi\u0107.<\/p>\n<p>Markovi\u0107 je kazao\u00a0 da \u0107e grad Jagodina nastaviti sa pru\u017eanjem pomo\u0107i poplavljenima, ne samo u Drago\u0161evcu ve\u0107 i u drugim poplavljenim selima na podru\u010dju grada Jagodine. Predlo\u017eio je da ministar Vesi\u0107\u00a0 i on\u00a0 za dvadesetak dana daju izve\u0161taj\u00a0 o tome \u0161ta je sve ura\u0111eno i gde su sredstva za pomo\u0107 poplavljenima oti\u0161la. Od ministra je zatra\u017eio i da resorno ministarstvo pomogne pri obnovi poljskih puteva koji su tako\u0111e pogo\u0111eni poplavama.<\/p>\n<p>Pored jagodinskog sela Drago\u0161evca koje je najte\u017ee stradalo u nedavnim poplavama, Markovi\u0107 i Vesi\u0107 su obi\u0161li i dva mosta na Belici u Jagodini, prvi kod nekada\u0161nje fabrike Elmos i drugi kog jagodinske\u00a0 Op\u0161te bolnice. Obilasku su prisustvovali pored predstavnika nadle\u017eenih slu\u017ebi jagodinske lokalne samouprave, gradona\u010delnik Jagodine Ratko Stevanovi\u0107, na\u010delnik Pomoravskog okruga Goran Milosavljevi\u0107 i poslanik Srpske napredne stranke Nikola Radosavljevi\u0107.<\/p>\n","protected":false},"excerpt":{"rendered":"<p>Goran Vesi\u0107, ministar gra\u0111evinarstva, saobra\u0107aja i infrastrukture i Dragan Markovi\u0107 Palma predsednik Jedinstvene Srbije, narodni poslanik i predsednik Skup\u0161tine grada Jagodine, obi\u0161li su\u00a0 poplavama pogo\u0111ena &hellip; <\/p>\n","protected":false},"author":2,"featured_media":35418,"comment_status":"open","ping_status":"open","sticky":false,"template":"","format":"standard","meta":{"footnotes":""},"categories":[1524,2,1514,5643,13,887,12],"tags":[58,120,612,6244],"_links":{"self":[{"href":"https:\/\/centralmedia.rs\/index.php\/wp-json\/wp\/v2\/posts\/35417"}],"collection":[{"href":"https:\/\/centralmedia.rs\/index.php\/wp-json\/wp\/v2\/posts"}],"about":[{"href":"https:\/\/centralmedia.rs\/index.php\/wp-json\/wp\/v2\/types\/post"}],"author":[{"embeddable":true,"href":"https:\/\/centralmedia.rs\/index.php\/wp-json\/wp\/v2\/users\/2"}],"replies":[{"embeddable":true,"href":"https:\/\/centralmedia.rs\/index.php\/wp-json\/wp\/v2\/comments?post=35417"}],"version-history":[{"count":1,"href":"https:\/\/centralmedia.rs\/index.php\/wp-json\/wp\/v2\/posts\/35417\/revisions"}],"predecessor-version":[{"id":35419,"href":"https:\/\/centralmedia.rs\/index.php\/wp-json\/wp\/v2\/posts\/35417\/revisions\/35419"}],"wp:featuredmedia":[{"embeddable":true,"href":"https:\/\/centralmedia.rs\/index.php\/wp-json\/wp\/v2\/media\/35418"}],"wp:attachment":[{"href":"https:\/\/centralmedia.rs\/index.php\/wp-json\/wp\/v2\/media?parent=35417"}],"wp:term":[{"taxonomy":"category","embeddable":true,"href":"https:\/\/centralmedia.rs\/index.php\/wp-json\/wp\/v2\/categories?post=35417"},{"taxonomy":"post_tag","embeddable":true,"href":"https:\/\/centralmedia.rs\/index.php\/wp-json\/wp\/v2\/tags?post=35417"}],"curies":[{"name":"wp","href":"https:\/\/api.w.org\/{rel}","templated":true}]}}