{"id":35425,"date":"2023-06-26T23:40:00","date_gmt":"2023-06-26T21:40:00","guid":{"rendered":"http:\/\/centralmedia.rs\/?p=35425"},"modified":"2023-06-30T21:21:46","modified_gmt":"2023-06-30T19:21:46","slug":"ministarka-zdravlja-posetila-svilajnac","status":"publish","type":"post","link":"https:\/\/centralmedia.rs\/index.php\/2023\/06\/26\/ministarka-zdravlja-posetila-svilajnac\/","title":{"rendered":"MINISTARKA ZDRAVLJA POSETILA SVILAJNAC"},"content":{"rendered":"<p>Ministarka zdravlja Danica Gruji\u010di\u0107 posetila je Dom zdravlja Svilajnac, gde je sa rukovodstvom Doma zdravlja i op\u0161tine Svilajnac razgovarala o budu\u0107im planovima i potrebama:<\/p>\n<p>\u201eDom zdravlja Svilajnac jedan je od primera kako jedna ustanova ovog tipa treba da izgleda i kako treba da bude organizovana. Raduje me i \u0161to u svih pet seoskih ambulanti rade lekari. Razgovarali smo o vra\u0107anju odre\u0111enih specijalnosti, a razmi\u0161ljamo i o jo\u0161 nekim dijagnosti\u010dkim metodama koje bismo mogli raditi ovde u Svilajncu, a koje bi pokrivale nekoliko okolnih op\u0161tina\u201c \u2013 izjavila je Danica Gruji\u010di\u0107 i najavila osna\u017eivanje primarne zadravstvene za\u0161tite.<\/p>\n<div id='gallery-1' class='gallery galleryid-35425 gallery-columns-3 gallery-size-thumbnail'><figure class='gallery-item'>\n\t\t\t<div class='gallery-icon landscape'>\n\t\t\t\t<a href='https:\/\/centralmedia.rs\/index.php\/2023\/06\/26\/ministarka-zdravlja-posetila-svilajnac\/ministarka-zdravlja\/'><img loading=\"lazy\" decoding=\"async\" width=\"150\" height=\"150\" src=\"https:\/\/centralmedia.rs\/wp-content\/uploads\/2023\/06\/ministarka-zdravlja-150x150.jpg\" class=\"attachment-thumbnail size-thumbnail\" alt=\"\" \/><\/a>\n\t\t\t<\/div><\/figure><figure class='gallery-item'>\n\t\t\t<div class='gallery-icon landscape'>\n\t\t\t\t<a href='https:\/\/centralmedia.rs\/index.php\/2023\/06\/26\/ministarka-zdravlja-posetila-svilajnac\/ministarka-zdravlja2\/'><img loading=\"lazy\" decoding=\"async\" width=\"150\" height=\"150\" src=\"https:\/\/centralmedia.rs\/wp-content\/uploads\/2023\/06\/ministarka-zdravlja2-150x150.jpg\" class=\"attachment-thumbnail size-thumbnail\" alt=\"\" \/><\/a>\n\t\t\t<\/div><\/figure><figure class='gallery-item'>\n\t\t\t<div class='gallery-icon landscape'>\n\t\t\t\t<a href='https:\/\/centralmedia.rs\/index.php\/2023\/06\/26\/ministarka-zdravlja-posetila-svilajnac\/ministarka-zdravlja3\/'><img loading=\"lazy\" decoding=\"async\" width=\"150\" height=\"150\" src=\"https:\/\/centralmedia.rs\/wp-content\/uploads\/2023\/06\/ministarka-zdravlja3-150x150.jpg\" class=\"attachment-thumbnail size-thumbnail\" alt=\"\" \/><\/a>\n\t\t\t<\/div><\/figure>\n\t\t<\/div>\n\n","protected":false},"excerpt":{"rendered":"<p>Ministarka zdravlja Danica Gruji\u010di\u0107 posetila je Dom zdravlja Svilajnac, gde je sa rukovodstvom Doma zdravlja i op\u0161tine Svilajnac razgovarala o budu\u0107im planovima i potrebama: \u201eDom &hellip; <\/p>\n","protected":false},"author":2,"featured_media":35426,"comment_status":"open","ping_status":"open","sticky":false,"template":"","format":"standard","meta":{"footnotes":""},"categories":[28,1524,2,887,12,1517,5785],"tags":[228,6246,6245,38],"_links":{"self":[{"href":"https:\/\/centralmedia.rs\/index.php\/wp-json\/wp\/v2\/posts\/35425"}],"collection":[{"href":"https:\/\/centralmedia.rs\/index.php\/wp-json\/wp\/v2\/posts"}],"about":[{"href":"https:\/\/centralmedia.rs\/index.php\/wp-json\/wp\/v2\/types\/post"}],"author":[{"embeddable":true,"href":"https:\/\/centralmedia.rs\/index.php\/wp-json\/wp\/v2\/users\/2"}],"replies":[{"embeddable":true,"href":"https:\/\/centralmedia.rs\/index.php\/wp-json\/wp\/v2\/comments?post=35425"}],"version-history":[{"count":1,"href":"https:\/\/centralmedia.rs\/index.php\/wp-json\/wp\/v2\/posts\/35425\/revisions"}],"predecessor-version":[{"id":35430,"href":"https:\/\/centralmedia.rs\/index.php\/wp-json\/wp\/v2\/posts\/35425\/revisions\/35430"}],"wp:featuredmedia":[{"embeddable":true,"href":"https:\/\/centralmedia.rs\/index.php\/wp-json\/wp\/v2\/media\/35426"}],"wp:attachment":[{"href":"https:\/\/centralmedia.rs\/index.php\/wp-json\/wp\/v2\/media?parent=35425"}],"wp:term":[{"taxonomy":"category","embeddable":true,"href":"https:\/\/centralmedia.rs\/index.php\/wp-json\/wp\/v2\/categories?post=35425"},{"taxonomy":"post_tag","embeddable":true,"href":"https:\/\/centralmedia.rs\/index.php\/wp-json\/wp\/v2\/tags?post=35425"}],"curies":[{"name":"wp","href":"https:\/\/api.w.org\/{rel}","templated":true}]}}