{"id":35431,"date":"2023-06-28T12:14:58","date_gmt":"2023-06-28T10:14:58","guid":{"rendered":"http:\/\/centralmedia.rs\/?p=35431"},"modified":"2023-07-05T09:36:30","modified_gmt":"2023-07-05T07:36:30","slug":"palma-uvek-smo-imali-partije-koje-zloupotrebljavaju-nesrecu-naroda","status":"publish","type":"post","link":"https:\/\/centralmedia.rs\/index.php\/2023\/06\/28\/palma-uvek-smo-imali-partije-koje-zloupotrebljavaju-nesrecu-naroda\/","title":{"rendered":"PALMA : UVEK SMO IMALI PARTIJE KOJE ZLOUPOTREBLJAVAJU NESRE\u0106U NARODA"},"content":{"rendered":"<p>\u201eVideli ste dva gospodina iz opozicije koja su oti\u0161la na Kosovo i Metohiju. Oni su tamo primljeni kao stari svat na svadbi. A \u0161to nisu oti\u0161li kod Kurtija i da ga pitaju \u201eza\u0161to svakoga dana hapsite Srbe sa izmi\u0161ljenim optu\u017enicama, \u010diji ono kamioni \u010dekaju na administrativnoj liniji, \u0161ta rade duge cevi i ROSU na severu Kosva i Metohije kada na to nemaju pravo ni po jednom dokumentu, kada \u0107e biti formirana Zajedinica srpskih op\u0161tina\u201c. To su trebali ti iz opozicije da pitaju Kurtija. Danas je Vidovdan, koji Srbi nikada ne mogu zaboraviti. Ja bi zamolio me\u0111unarodnu zajednicu, pre svega \u0160olca i Makrona, da sagledaju kosovsko pitanje iz nekog tre\u0107eg ugla, a ne iz ugla vojne i ekonomske mo\u0107i. Mi to ni\u010dim nismo zaslu\u017eili. Ja \u010destitam i predsedniku Srbije Aleksandru Vu\u010di\u0107u i ministru spoljnih poslova Ivici Da\u010di\u0107u na velikoj diplomatskoj borbi. Zahvaljuju\u0107i njima je 18 dr\u017eava povuklo priznanje la\u017ene drave Kosovo. Neka opozicija ka\u017ee \u201eevo mi \u0107emo posti\u0107i da jo\u0161 10 dr\u017eava povu\u010de to priznanje\u201c, gde su njihovi prijatelji ?\u201c, kazao je Markovi\u0107 gostuju\u0107i na TV Hepi.<\/p>\n<p>SMANJUJE SE BROJ LJUDI NA PROTESTIMA JER SU GRA\u0110ANI VIDELI KO \u017dELI DA IH VODI<\/p>\n<p>\u201eZa\u0161to se smanjuje broj gra\u0111ana u Beogradu na protestima. Zato \u0161to ljudi vide ko treba da im budu vo\u0111e. Ja pozivam studente koje po\u0161tujem i svi znaju za moj slogan \u201eStudenti su uvek u pravu\u201c\u201c, da pitaju \u0106utu i ostale takozvane lidere opozicije \u201e\u0161ta je njihov plan za mlade, za studente, za fakultete, univerzitete, kako misle da smanje \u0161kolarine na fakultetima, \u0161ta je njihov plan za Kosovo i Metohiju, koliko \u0107e fabrika dovesti i otvoriti novih radnih mesta\u201c. Niko od njih nije iza\u0161ao sa programom i da ka\u017eu \u201euradi\u0107emo to, to i to\u201c. I sada \u0161etnje sele iz Beograda u unutra\u0161njost, izme\u0111u ostalog i u Jagodinu. A ko so \u010delokolona\u0161i ? To su oni koji su ve\u0107 bili na vlasti u Jagodini od 2000. do 2004. godine. To su oni koji su ostavili sva Javna preduze\u0107a u blokadi, to su oni koji su u Jagodini rasprodali sve fabrike i ostavili bez posla 20 000 radnika, to su oni koji su ostavili sva sela i puteve, kao i grad u katastrofalnom stanju. I oni bi sada ponovo da se vrate na vlast. A mi smo od 2004. godine, kada smo preuzeli vlast napravili od Jagodine turisti\u010dki centar u koji godi\u0161nje dolazi 500 000 ljudi iz zemlje i inostranstva, doveli smo 12 fabrika i zaposlili 5 hiljada ljudi, sredili kompletnu infrastrukturu u gradu i u selima, pove\u0107ali gradski bud\u017eet od njihovih 4 miliona evra na dana\u0161njih 30 miliona evra, napravi najbolji socijalni program u Evropi i poma\u017eemo svima od dece do penzionera, 50 000 gra\u0111ana Jagodine smo za to vreme vodili u neku stranu dr\u017eavu od tro\u0161ku donatora, kao i 5 000 ljudi iz drugih gradova. I danas se u gradu Jagodini i sva 52 sela svi gra\u0111ani voze besplatno. I ti biv\u0161i ho\u0107e da ponovo zloupotrebe gra\u0111ane i da do\u0111u na vlast. Tu ima nekih koji su golosovri\u0107i, a na\u0161 narod zna \u0161ta zna\u010di taj izraz\u201c, rekao je Dragan Markovi\u0107 Palma. \u201eO\u010digledno je da je povezan unutra\u0161nji i spoljni pritisak na vlast u Srbiji. Jer sada opozicija vidi da su na prvoj utakmici imali pun stadion, na drugoj pola stadiona, a na tre\u0107oj navija\u010da vi\u0161e ne\u0107e biti. Dana\u0161nja politika vladaju\u0107e koalicije u Srbiji je politika mira, politika stabilnosti, politika razvoja i politika sigurnosti. Koja bre tehni\u010dka vlada? Iza\u0111i na izbore i ponudi gra\u0111anima svoj program i svoju politiku. 40 dana u Skup\u0161tini Srbije slu\u0161amo jedno te isto i bez ijednog predloga. Ja vam garantujem da 99 posto gra\u0111ana Srbije ne zna \u0161ta je REM i ko je Olivera\u201c, rekao je Markovi\u0107.<\/p>\n<p>BASTIN TELEFON POSLE SMENE VI\u0160E NE\u0106E ZVONITI, KAO KADA ODETE U PENZIJU<\/p>\n<p>\u201eRade Basta vi\u0161e nema nikakve veze ni sa Jedinstvenom Srbijom ni sa Vladom Srbije. Ne znam ko ga je lagao i ko mu je punio glavu. \u0160ta je tra\u017eio to je i dobio. Posle smene vi\u0161e ne\u0107e telefon da mu zvoni, kao kada je bio ministar i to vam je kao kada odete u penziju. Ja mu \u017eelim puno sre\u0107e sa tim njegovim \u201eDr\u017e ne daj pokretom\u201c. Govorio sam mu da ne mo\u017ee da solira i da kao ministar u Vladi Srbije mora da sprovodi dr\u017eavnu politiku, koja je u skladu sa politkom Jedinstvene Srbije. I rekao sam mu \u201eTi si moja ru\u017ena pro\u0161lost\u201c, \u201ekazao je Marjkovi\u0107 podse\u0107aju\u0107i da je Jedinstvena Srbija imenovala Radeta Bastu i na direktorsku funkciju u javnom preduze\u0107u i na ministarsku funkciju.<\/p>\n<p>OBEZBEDILI SMO DONATORE ZA POMO\u0106 ZA 300 PORODICA KOJE SU POPLAVLJENE NA TERITORIJI JAGODINE<\/p>\n<p>\u201eJa se zahvaljujem vatrogasno \u2013 spasila\u010dkom bataljonu MUP \u2013 a Srbije, svim javnim preduze\u0107ima u Jagodini i svima koji su pomogli da se u prvom naletu maksimalno odbrani od poplava grad i sve \u0161to se moglo u selima. Zahvaljujem se i donatorima koji su obezbedili 60 000 evra i taj iznos \u0107e biti dodeljen za 300 porodica koje su imale \u0161tetu, po 200 evra i te porodice \u0107e dobiti karticu sa kojom mogu da kupe ne\u0161to u marketu i da plate struju. Gra\u0111ane koji su imali \u0161tetu od poplava pomo\u0107i \u0107e i grad i dr\u017eava. Ja sam obi\u0161ao mnoge porodice i ovo su bile nezapam\u0107ene ki\u0161e, \u010dak je palo i u nekim delovima Jagodine i sela i 150 litara po kvadratnom metru. To je bilo neodbranjivo, a lokalna samouprava je pre pro\u0161irila i o\u010distila koriat reka Lugomir i Belica i da toga nije bilo ceo grad bi bio poplavljen. Sada trebamo sve u\u010diniti da pomognemo poljoprivrednicima koji su pretrpeli veliku \u0161tetu\u201c, rekao je Markovi\u0107 za TV Hepi.<\/p>\n","protected":false},"excerpt":{"rendered":"<p>\u201eVideli ste dva gospodina iz opozicije koja su oti\u0161la na Kosovo i Metohiju. Oni su tamo primljeni kao stari svat na svadbi. A \u0161to nisu &hellip; <\/p>\n","protected":false},"author":2,"featured_media":35432,"comment_status":"open","ping_status":"open","sticky":false,"template":"","format":"standard","meta":{"footnotes":""},"categories":[1524,2,1514,5643,13,887,12],"tags":[120,5150],"_links":{"self":[{"href":"https:\/\/centralmedia.rs\/index.php\/wp-json\/wp\/v2\/posts\/35431"}],"collection":[{"href":"https:\/\/centralmedia.rs\/index.php\/wp-json\/wp\/v2\/posts"}],"about":[{"href":"https:\/\/centralmedia.rs\/index.php\/wp-json\/wp\/v2\/types\/post"}],"author":[{"embeddable":true,"href":"https:\/\/centralmedia.rs\/index.php\/wp-json\/wp\/v2\/users\/2"}],"replies":[{"embeddable":true,"href":"https:\/\/centralmedia.rs\/index.php\/wp-json\/wp\/v2\/comments?post=35431"}],"version-history":[{"count":1,"href":"https:\/\/centralmedia.rs\/index.php\/wp-json\/wp\/v2\/posts\/35431\/revisions"}],"predecessor-version":[{"id":35433,"href":"https:\/\/centralmedia.rs\/index.php\/wp-json\/wp\/v2\/posts\/35431\/revisions\/35433"}],"wp:featuredmedia":[{"embeddable":true,"href":"https:\/\/centralmedia.rs\/index.php\/wp-json\/wp\/v2\/media\/35432"}],"wp:attachment":[{"href":"https:\/\/centralmedia.rs\/index.php\/wp-json\/wp\/v2\/media?parent=35431"}],"wp:term":[{"taxonomy":"category","embeddable":true,"href":"https:\/\/centralmedia.rs\/index.php\/wp-json\/wp\/v2\/categories?post=35431"},{"taxonomy":"post_tag","embeddable":true,"href":"https:\/\/centralmedia.rs\/index.php\/wp-json\/wp\/v2\/tags?post=35431"}],"curies":[{"name":"wp","href":"https:\/\/api.w.org\/{rel}","templated":true}]}}