{"id":35437,"date":"2023-06-28T22:44:59","date_gmt":"2023-06-28T20:44:59","guid":{"rendered":"http:\/\/centralmedia.rs\/?p=35437"},"modified":"2023-07-05T09:36:20","modified_gmt":"2023-07-05T07:36:20","slug":"opstina-cajetina-nagradila-ucenike-za-rezultate-na-republickim-takmicenjima","status":"publish","type":"post","link":"https:\/\/centralmedia.rs\/index.php\/2023\/06\/28\/opstina-cajetina-nagradila-ucenike-za-rezultate-na-republickim-takmicenjima\/","title":{"rendered":"Op\u0161tina \u010cajetina nagradila u\u010denike za rezultate na republi\u010dkim takmi\u010denjima"},"content":{"rendered":"<p>Nastavljamo tradiciju da u\u010denike sa prebivali\u0161tem na teritoriji op\u0161tine \u010cajetina koji ostvare dobre rezultate na republi\u010dkim takmi\u010denjima, ostvare uspehe, nagradimo zahvalnicama i nov\u010danim nagradama, ovoga puta sa 15 hiljada dinara, i na taj na\u010din \u017eelimo da ih stimuli\u0161emo i podr\u017eimo. Da pomognemo decu koja ho\u0107e da rade i u\u010de, da im damo podstrek, uvek sa porukom i \u017eeljom da kada zavr\u0161e svoje srednje \u0161kole, vi\u0161e \u0161kole ili fakultete, da se vrate i da u svojoj op\u0161tini imaju uvek mogu\u0107nost da se zaposle. Da tako dobiju mogu\u0107nost da promovi\u0161u svoju op\u0161tinu, svoje selo i svoj region, rekao je predsednik Op\u0161tine \u010cajetina Milan Stamatovi\u0107.<\/p>\n<p>Predsednik Stamatovi\u0107 je podvukao da je uspeh svih \u010dajetinskih \u0111aka na takmi\u010denjima jo\u0161 ve\u0107i time \u0161to dolaze iz jedne male sredine, u konkurenciji dece iz ve\u0107ih gradova. \u201eOsim znanja koje ste pokazali na takmi\u010denjima, jo\u0161 mo\u017eda i bitnije je da izrastete u dobre, fine i vaspitane ljude, osobe kojima \u0107e se ponositi va\u0161i roditelji, ro\u0111aci, prijatelji, a, naravno, i lokalna samouprava, va\u0161a op\u0161tina \u010cajetina\u201c zaklju\u010dio je Stamatovi\u0107<\/p>\n<p>Direktorka Osnovne \u0161kole \u201eDimitrije Tucovi\u0107\u201c u \u010cajetini Milka Vasiljevi\u0107 je, zahvaljuju\u0107i se u ime u\u010denika \u0161kole na \u010dijem je \u010delu, rekla da \u201esvima njima u \u0161koli ove nagrade puno zna\u010de i da je to velika motivacija za dalji rad\u201c. \u201ePrimetila sam da se u\u010denici me\u0111usobno takmi\u010de i da te\u017ee da postignu \u0161to bolje rezultate. Ove godine smo imali 15 u\u010denika koji su u\u010destvovali na republi\u010dkim takmi\u010denjima i nadam se da \u0107e to znanje da iskoriste da i u narednoj \u0161kolskoj godini postignu ovakav, ako ne i bolji, rezultat. Posebno bih istakla rezultat na\u0161eg u\u010denika Petra Leki\u0107a koji je na Republi\u010dkom takmi\u010denju iz srpskog jezika i knji\u017eevnosti jedini ostvario maksimalnih 20 poena. Tako\u0111e bih naglasila da su na\u0161i osmaci postigli jako dobar rezultat na nedavno odr\u017eanom zavr\u0161nom ispitu, \u0161to predstavlja zajedni\u010dki rezultat njihovog osmogodi\u0161njeg rada i rada mojih kolega nastavnika i svih zaposlenih \u0161kole\u201c istakla je direktorka Vasiljevi\u0107.<\/p>\n","protected":false},"excerpt":{"rendered":"<p>Nastavljamo tradiciju da u\u010denike sa prebivali\u0161tem na teritoriji op\u0161tine \u010cajetina koji ostvare dobre rezultate na republi\u010dkim takmi\u010denjima, ostvare uspehe, nagradimo zahvalnicama i nov\u010danim nagradama, ovoga &hellip; <\/p>\n","protected":false},"author":2,"featured_media":35438,"comment_status":"open","ping_status":"open","sticky":false,"template":"","format":"standard","meta":{"footnotes":""},"categories":[2875,5787,14,1524,2,887,12],"tags":[2762,3241,196],"_links":{"self":[{"href":"https:\/\/centralmedia.rs\/index.php\/wp-json\/wp\/v2\/posts\/35437"}],"collection":[{"href":"https:\/\/centralmedia.rs\/index.php\/wp-json\/wp\/v2\/posts"}],"about":[{"href":"https:\/\/centralmedia.rs\/index.php\/wp-json\/wp\/v2\/types\/post"}],"author":[{"embeddable":true,"href":"https:\/\/centralmedia.rs\/index.php\/wp-json\/wp\/v2\/users\/2"}],"replies":[{"embeddable":true,"href":"https:\/\/centralmedia.rs\/index.php\/wp-json\/wp\/v2\/comments?post=35437"}],"version-history":[{"count":1,"href":"https:\/\/centralmedia.rs\/index.php\/wp-json\/wp\/v2\/posts\/35437\/revisions"}],"predecessor-version":[{"id":35439,"href":"https:\/\/centralmedia.rs\/index.php\/wp-json\/wp\/v2\/posts\/35437\/revisions\/35439"}],"wp:featuredmedia":[{"embeddable":true,"href":"https:\/\/centralmedia.rs\/index.php\/wp-json\/wp\/v2\/media\/35438"}],"wp:attachment":[{"href":"https:\/\/centralmedia.rs\/index.php\/wp-json\/wp\/v2\/media?parent=35437"}],"wp:term":[{"taxonomy":"category","embeddable":true,"href":"https:\/\/centralmedia.rs\/index.php\/wp-json\/wp\/v2\/categories?post=35437"},{"taxonomy":"post_tag","embeddable":true,"href":"https:\/\/centralmedia.rs\/index.php\/wp-json\/wp\/v2\/tags?post=35437"}],"curies":[{"name":"wp","href":"https:\/\/api.w.org\/{rel}","templated":true}]}}