{"id":3544,"date":"2016-06-30T11:19:27","date_gmt":"2016-06-30T11:19:27","guid":{"rendered":"http:\/\/centralmedia.rs\/?p=3544"},"modified":"2017-01-20T01:49:28","modified_gmt":"2017-01-20T01:49:28","slug":"obelezen-dan-opstine-svilajnac-plaketa-marku-blagojevicu","status":"publish","type":"post","link":"https:\/\/centralmedia.rs\/index.php\/2016\/06\/30\/obelezen-dan-opstine-svilajnac-plaketa-marku-blagojevicu\/","title":{"rendered":"OBELE\u017dEN DAN OP\u0160TINE SVILAJNAC &#8211; PLAKETA MARKU BLAGOJEVI\u0106U"},"content":{"rendered":"<p>SVILAJNAC-Povodom 29 juna Dana op\u0161tine Svilajnac najvi\u0161e dru\u0161tveo priznanje te op\u0161tine Plaketa uru\u010dena je direktoru Kancelarije za upravljanje javnim ulaganjima Marku Blagojevi\u0107i za veliki broj uspe\u0161no realizovanih projekata u saradnji sa ovom kancelarijom.<\/p>\n<p><div id='gallery-1' class='gallery galleryid-3544 gallery-columns-3 gallery-size-large'><figure class='gallery-item'>\n\t\t\t<div class='gallery-icon landscape'>\n\t\t\t\t<a href='https:\/\/centralmedia.rs\/index.php\/2016\/06\/30\/obelezen-dan-opstine-svilajnac-plaketa-marku-blagojevicu\/dobitnici-priznanja-svilajnac-g-j\/'><img loading=\"lazy\" decoding=\"async\" width=\"760\" height=\"518\" src=\"https:\/\/centralmedia.rs\/wp-content\/uploads\/2016\/06\/dobitnici-priznanja-svilajnac-g.j..jpg\" class=\"attachment-large size-large\" alt=\"\" srcset=\"https:\/\/centralmedia.rs\/wp-content\/uploads\/2016\/06\/dobitnici-priznanja-svilajnac-g.j..jpg 900w, https:\/\/centralmedia.rs\/wp-content\/uploads\/2016\/06\/dobitnici-priznanja-svilajnac-g.j.-300x204.jpg 300w, https:\/\/centralmedia.rs\/wp-content\/uploads\/2016\/06\/dobitnici-priznanja-svilajnac-g.j.-768x523.jpg 768w, https:\/\/centralmedia.rs\/wp-content\/uploads\/2016\/06\/dobitnici-priznanja-svilajnac-g.j.-218x150.jpg 218w\" sizes=\"(max-width: 760px) 100vw, 760px\" \/><\/a>\n\t\t\t<\/div><\/figure><figure class='gallery-item'>\n\t\t\t<div class='gallery-icon portrait'>\n\t\t\t\t<a href='https:\/\/centralmedia.rs\/index.php\/2016\/06\/30\/obelezen-dan-opstine-svilajnac-plaketa-marku-blagojevicu\/marko-blagojevic-i-predrag-milanovic-sviljanc-g-j\/'><img loading=\"lazy\" decoding=\"async\" width=\"670\" height=\"900\" src=\"https:\/\/centralmedia.rs\/wp-content\/uploads\/2016\/06\/marko-blagojevic-i-predrag-milanovic-sviljanc-g.j..jpg\" class=\"attachment-large size-large\" alt=\"\" srcset=\"https:\/\/centralmedia.rs\/wp-content\/uploads\/2016\/06\/marko-blagojevic-i-predrag-milanovic-sviljanc-g.j..jpg 670w, https:\/\/centralmedia.rs\/wp-content\/uploads\/2016\/06\/marko-blagojevic-i-predrag-milanovic-sviljanc-g.j.-223x300.jpg 223w\" sizes=\"(max-width: 670px) 100vw, 670px\" \/><\/a>\n\t\t\t<\/div><\/figure><figure class='gallery-item'>\n\t\t\t<div class='gallery-icon landscape'>\n\t\t\t\t<a href='https:\/\/centralmedia.rs\/index.php\/2016\/06\/30\/obelezen-dan-opstine-svilajnac-plaketa-marku-blagojevicu\/dan-opstine-svilajnac-g-j\/'><img loading=\"lazy\" decoding=\"async\" width=\"760\" height=\"495\" src=\"https:\/\/centralmedia.rs\/wp-content\/uploads\/2016\/06\/dan-opstine-svilajnac-g.j..jpg\" class=\"attachment-large size-large\" alt=\"\" srcset=\"https:\/\/centralmedia.rs\/wp-content\/uploads\/2016\/06\/dan-opstine-svilajnac-g.j..jpg 921w, https:\/\/centralmedia.rs\/wp-content\/uploads\/2016\/06\/dan-opstine-svilajnac-g.j.-300x195.jpg 300w, https:\/\/centralmedia.rs\/wp-content\/uploads\/2016\/06\/dan-opstine-svilajnac-g.j.-768x500.jpg 768w\" sizes=\"(max-width: 760px) 100vw, 760px\" \/><\/a>\n\t\t\t<\/div><\/figure>\n\t\t<\/div>\n<br \/>\n-Uspe\u0161na saradnja bi\u0107e nastavljena i u budu\u0107nosti. Retko imam priliku da budem zadovoljan saradnjom sa nekom op\u0161tinom, a saradnjom sa Svilajncem sa prezadovoljan, jer se sve odvijalo brzo, efikasno i kako treba. Mnogo smo projekata uradili, ali ne stajemo, o\u010dekuju nas u narednom periodu neki ve\u0107 dogovoreni projekti, rekonstrukcija Doma zdravlja i mosta kod autobuske stanice, a o\u010dekujem i druge uspe\u0161ne projekte i \u010destitam ovom prilikom predsedniku Milanovi\u0107u na postignutim uspesima i rezultatima, izjavio je Blagojevi\u0107 koji se u ime nagra\u0111enih obratio publici.<br \/>\nOn je dodao da o\u010dekuje da ubrzo krene i projekta regulacije Resave koji se finansira iz fondova EU.<br \/>\nPredsednik op\u0161tine Svilajnac Predrag Milanovi\u0107 istakao je da je prvi zadatak regulacija Resave i za\u0161tita gra\u0111ana i op\u0161tine Svilajnac od mogu\u0107ih poplava.<br \/>\n-Drugi prioritet je zavr\u0161etak nove industrijske zone, a tre\u0107i dalji razvoj Prirodnja\u010dkog centra Srbije, koji je i veliki turisti\u010dki potencijal i ja mislim da jedna zajedni\u010dka tura sa okolnim op\u0161tinama mo\u017ee biti veoma turisti\u010dki atraktivna. \u010cetvrti zadatak je nastavak rekonstrukcije javnih objekata, rekao je Milanovi\u0107.<\/p>\n<p><div id='gallery-2' class='gallery galleryid-3544 gallery-columns-3 gallery-size-large'><figure class='gallery-item'>\n\t\t\t<div class='gallery-icon landscape'>\n\t\t\t\t<a href='https:\/\/centralmedia.rs\/index.php\/2016\/06\/30\/obelezen-dan-opstine-svilajnac-plaketa-marku-blagojevicu\/najbolji-ucenici-svilajnac-g-j\/'><img loading=\"lazy\" decoding=\"async\" width=\"760\" height=\"445\" src=\"https:\/\/centralmedia.rs\/wp-content\/uploads\/2016\/06\/najbolji-ucenici-svilajnac-g.j.-1024x599.jpg\" class=\"attachment-large size-large\" alt=\"\" srcset=\"https:\/\/centralmedia.rs\/wp-content\/uploads\/2016\/06\/najbolji-ucenici-svilajnac-g.j.-1024x599.jpg 1024w, https:\/\/centralmedia.rs\/wp-content\/uploads\/2016\/06\/najbolji-ucenici-svilajnac-g.j.-300x176.jpg 300w, https:\/\/centralmedia.rs\/wp-content\/uploads\/2016\/06\/najbolji-ucenici-svilajnac-g.j.-768x450.jpg 768w, https:\/\/centralmedia.rs\/wp-content\/uploads\/2016\/06\/najbolji-ucenici-svilajnac-g.j..jpg 1025w\" sizes=\"(max-width: 760px) 100vw, 760px\" \/><\/a>\n\t\t\t<\/div><\/figure><figure class='gallery-item'>\n\t\t\t<div class='gallery-icon portrait'>\n\t\t\t\t<a href='https:\/\/centralmedia.rs\/index.php\/2016\/06\/30\/obelezen-dan-opstine-svilajnac-plaketa-marku-blagojevicu\/miodrag-savic-i-predrag-milanovic-svilajanc-g-j\/'><img loading=\"lazy\" decoding=\"async\" width=\"744\" height=\"900\" src=\"https:\/\/centralmedia.rs\/wp-content\/uploads\/2016\/06\/miodrag-savic-i-predrag-milanovic-svilajanc-g.j..jpg\" class=\"attachment-large size-large\" alt=\"\" srcset=\"https:\/\/centralmedia.rs\/wp-content\/uploads\/2016\/06\/miodrag-savic-i-predrag-milanovic-svilajanc-g.j..jpg 744w, https:\/\/centralmedia.rs\/wp-content\/uploads\/2016\/06\/miodrag-savic-i-predrag-milanovic-svilajanc-g.j.-248x300.jpg 248w\" sizes=\"(max-width: 744px) 100vw, 744px\" \/><\/a>\n\t\t\t<\/div><\/figure><figure class='gallery-item'>\n\t\t\t<div class='gallery-icon landscape'>\n\t\t\t\t<a href='https:\/\/centralmedia.rs\/index.php\/2016\/06\/30\/obelezen-dan-opstine-svilajnac-plaketa-marku-blagojevicu\/dan-opstine-1-svilajnac-g-j\/'><img loading=\"lazy\" decoding=\"async\" width=\"760\" height=\"570\" src=\"https:\/\/centralmedia.rs\/wp-content\/uploads\/2016\/06\/dan-opstine-1-svilajnac-g.j..jpg\" class=\"attachment-large size-large\" alt=\"\" srcset=\"https:\/\/centralmedia.rs\/wp-content\/uploads\/2016\/06\/dan-opstine-1-svilajnac-g.j..jpg 900w, https:\/\/centralmedia.rs\/wp-content\/uploads\/2016\/06\/dan-opstine-1-svilajnac-g.j.-300x225.jpg 300w, https:\/\/centralmedia.rs\/wp-content\/uploads\/2016\/06\/dan-opstine-1-svilajnac-g.j.-768x576.jpg 768w, https:\/\/centralmedia.rs\/wp-content\/uploads\/2016\/06\/dan-opstine-1-svilajnac-g.j.-80x60.jpg 80w, https:\/\/centralmedia.rs\/wp-content\/uploads\/2016\/06\/dan-opstine-1-svilajnac-g.j.-265x198.jpg 265w\" sizes=\"(max-width: 760px) 100vw, 760px\" \/><\/a>\n\t\t\t<\/div><\/figure>\n\t\t<\/div>\n<br \/>\nZahvalnice te op\u0161tine uru\u010dene su poljoprivedniku Draganu Todorovi\u0107u, preduze\u0107u \u201eGS EVROMETAL\u201c DOO, Ambasadi Japana u Srbiji, dugogodi\u0161njem predsedniku te op\u0161tine Miodragu Savi\u0107u. \u0110aci generacije nagra\u0111eni su sa po 30.000 dinara, a osvaja\u010di jednog od prva tri mesta na dr\u017eavnim takmi\u010denjima po 10.000 dinara. Sve\u010danoj sednici, odr\u017eanoj sino\u0107 u svilajna\u010dkom Centru za kulturu, prisustvovalo je oko 300 gostiju iz cele zemlje i regiona. Prikazan je kratki film, osvrt na najva\u017enije poslove, projekte i uspehe op\u0161tine Svilajnac u protekloj godini. Muzi\u010dka pratnja su bili Vojni orkestar \u201eStanislav Bini\u010dki\u201c i jedanaestogodi\u0161nja Stojanka Pe\u0161i\u0107, violinistkinja iz Svilajnca, \u010dije muzi\u010dko \u0161kolovanje i usavr\u0161avanje stipendira op\u0161tina Svilajnac, kao jednom od najve\u0107ih muzi\u010dkih talenata poslednjih godina.<br \/>\nOp\u0161tina Svilajnac proslavlja svoj dan 29. juna jer je na ovaj dan Ukazom kneza Mihaila Obrenovi\u0107a 1866. godine Svilajnac zvani\u010dno progla\u0161en varo\u0161icom.<\/p>\n<p><strong><em>Svilajna\u010dka razglednica \u2013 Projekat se realizuje uz pomo\u0107 sredstava iz bud\u017eeta Op\u0161tine Svilajnac.<\/em><\/strong><\/p>\n","protected":false},"excerpt":{"rendered":"<p>SVILAJNAC-Povodom 29 juna Dana op\u0161tine Svilajnac najvi\u0161e dru\u0161tveo priznanje te op\u0161tine Plaketa uru\u010dena je direktoru Kancelarije za upravljanje javnim ulaganjima Marku Blagojevi\u0107i za veliki broj &hellip; <\/p>\n","protected":false},"author":4,"featured_media":3545,"comment_status":"open","ping_status":"open","sticky":false,"template":"","format":"standard","meta":{"footnotes":""},"categories":[1524,2,13,887,12,1517],"tags":[920,921,39],"_links":{"self":[{"href":"https:\/\/centralmedia.rs\/index.php\/wp-json\/wp\/v2\/posts\/3544"}],"collection":[{"href":"https:\/\/centralmedia.rs\/index.php\/wp-json\/wp\/v2\/posts"}],"about":[{"href":"https:\/\/centralmedia.rs\/index.php\/wp-json\/wp\/v2\/types\/post"}],"author":[{"embeddable":true,"href":"https:\/\/centralmedia.rs\/index.php\/wp-json\/wp\/v2\/users\/4"}],"replies":[{"embeddable":true,"href":"https:\/\/centralmedia.rs\/index.php\/wp-json\/wp\/v2\/comments?post=3544"}],"version-history":[{"count":0,"href":"https:\/\/centralmedia.rs\/index.php\/wp-json\/wp\/v2\/posts\/3544\/revisions"}],"wp:featuredmedia":[{"embeddable":true,"href":"https:\/\/centralmedia.rs\/index.php\/wp-json\/wp\/v2\/media\/3545"}],"wp:attachment":[{"href":"https:\/\/centralmedia.rs\/index.php\/wp-json\/wp\/v2\/media?parent=3544"}],"wp:term":[{"taxonomy":"category","embeddable":true,"href":"https:\/\/centralmedia.rs\/index.php\/wp-json\/wp\/v2\/categories?post=3544"},{"taxonomy":"post_tag","embeddable":true,"href":"https:\/\/centralmedia.rs\/index.php\/wp-json\/wp\/v2\/tags?post=3544"}],"curies":[{"name":"wp","href":"https:\/\/api.w.org\/{rel}","templated":true}]}}