{"id":35445,"date":"2023-06-29T16:03:23","date_gmt":"2023-06-29T14:03:23","guid":{"rendered":"http:\/\/centralmedia.rs\/?p=35445"},"modified":"2023-06-30T21:22:03","modified_gmt":"2023-06-30T19:22:03","slug":"dodela-nagrada-ucenicima-u-svilajncu","status":"publish","type":"post","link":"https:\/\/centralmedia.rs\/index.php\/2023\/06\/29\/dodela-nagrada-ucenicima-u-svilajncu\/","title":{"rendered":"DODELA NAGRADA U\u010cENICIMA U SVILAJNCU"},"content":{"rendered":"<p>Op\u0161tina Svilajnac sino\u0107 je u Centru za kulturu organizovala sve\u010danost na kojoj su dodeljene nagrade najuspe\u0161nijim u\u010denicima osnovnih i srednjih \u0161kola sa teritorije op\u0161tine.<\/p>\n<div id='gallery-1' class='gallery galleryid-35445 gallery-columns-3 gallery-size-thumbnail'><figure class='gallery-item'>\n\t\t\t<div class='gallery-icon landscape'>\n\t\t\t\t<a href='https:\/\/centralmedia.rs\/index.php\/2023\/06\/29\/dodela-nagrada-ucenicima-u-svilajncu\/nagrade1\/'><img loading=\"lazy\" decoding=\"async\" width=\"150\" height=\"150\" src=\"https:\/\/centralmedia.rs\/wp-content\/uploads\/2023\/06\/nagrade1-150x150.jpg\" class=\"attachment-thumbnail size-thumbnail\" alt=\"\" \/><\/a>\n\t\t\t<\/div><\/figure><figure class='gallery-item'>\n\t\t\t<div class='gallery-icon landscape'>\n\t\t\t\t<a href='https:\/\/centralmedia.rs\/index.php\/2023\/06\/29\/dodela-nagrada-ucenicima-u-svilajncu\/nagrade2\/'><img loading=\"lazy\" decoding=\"async\" width=\"150\" height=\"150\" src=\"https:\/\/centralmedia.rs\/wp-content\/uploads\/2023\/06\/nagrade2-150x150.jpg\" class=\"attachment-thumbnail size-thumbnail\" alt=\"\" \/><\/a>\n\t\t\t<\/div><\/figure><figure class='gallery-item'>\n\t\t\t<div class='gallery-icon landscape'>\n\t\t\t\t<a href='https:\/\/centralmedia.rs\/index.php\/2023\/06\/29\/dodela-nagrada-ucenicima-u-svilajncu\/nagarde-2\/'><img loading=\"lazy\" decoding=\"async\" width=\"150\" height=\"150\" src=\"https:\/\/centralmedia.rs\/wp-content\/uploads\/2023\/06\/nagarde-150x150.jpg\" class=\"attachment-thumbnail size-thumbnail\" alt=\"\" \/><\/a>\n\t\t\t<\/div><\/figure>\n\t\t<\/div>\n\n<p>U\u010denicima, roditeljima i nastavnom osoblju obratila se zamenik predsednika op\u0161tine Svilajnac Dragana Radevi\u0107, koja je \u010destitala na uspehu koji su u prethodnih godinu dana ostvarili na\u0161i u\u010denici u \u0161koli i na mnogobrojnim takmi\u010denjima \u0161irom Srbije. Podeljeno je vi\u0161e od 200 nagrada, a me\u0111u njima su bili dobitnici sa republi\u010dkih, me\u0111uokru\u017enih i okru\u017enih takmi\u010denja. Ukupno je uru\u010deno 27 nagrada nosiocima Vukovih diploma.<\/p>\n<p>\u0110aci generacije za proteklu \u0161kolsku godinu su Tijana Milo\u0161evi\u0107 iz O\u0160 \u201cStevan Sin\u0111eli\u0107\u201d iz Vojske, Tamara Pavlovi\u0107 iz O\u0160\u201dVo\u017ed Kara\u0111or\u0111e\u201d Ku\u0161iljevo, Elena Milosavljevi\u0107 iz O\u0160\u201dBranko Radi\u010devi\u0107\u201d iz Sedlara. \u0110ak generacije O\u0160\u201dJovan Jovanovi\u0107 Zmaj\u201d iz Svilajnca je Jovan Zarkov, u Srednjoj \u0161koli Svilajnac za \u0111aka generacije izabrana je Katarina Stanojevi\u0107, dok je u Poljoprivredno veterinarskoj \u0161koli najbolja me\u0111u najboljima An\u0111ela Nikoli\u0107.<\/p>\n","protected":false},"excerpt":{"rendered":"<p>Op\u0161tina Svilajnac sino\u0107 je u Centru za kulturu organizovala sve\u010danost na kojoj su dodeljene nagrade najuspe\u0161nijim u\u010denicima osnovnih i srednjih \u0161kola sa teritorije op\u0161tine. U\u010denicima, &hellip; <\/p>\n","protected":false},"author":2,"featured_media":35446,"comment_status":"open","ping_status":"open","sticky":false,"template":"","format":"standard","meta":{"footnotes":""},"categories":[14,1524,2,887,12,1517,5785],"tags":[6248,540,38],"_links":{"self":[{"href":"https:\/\/centralmedia.rs\/index.php\/wp-json\/wp\/v2\/posts\/35445"}],"collection":[{"href":"https:\/\/centralmedia.rs\/index.php\/wp-json\/wp\/v2\/posts"}],"about":[{"href":"https:\/\/centralmedia.rs\/index.php\/wp-json\/wp\/v2\/types\/post"}],"author":[{"embeddable":true,"href":"https:\/\/centralmedia.rs\/index.php\/wp-json\/wp\/v2\/users\/2"}],"replies":[{"embeddable":true,"href":"https:\/\/centralmedia.rs\/index.php\/wp-json\/wp\/v2\/comments?post=35445"}],"version-history":[{"count":1,"href":"https:\/\/centralmedia.rs\/index.php\/wp-json\/wp\/v2\/posts\/35445\/revisions"}],"predecessor-version":[{"id":35449,"href":"https:\/\/centralmedia.rs\/index.php\/wp-json\/wp\/v2\/posts\/35445\/revisions\/35449"}],"wp:featuredmedia":[{"embeddable":true,"href":"https:\/\/centralmedia.rs\/index.php\/wp-json\/wp\/v2\/media\/35446"}],"wp:attachment":[{"href":"https:\/\/centralmedia.rs\/index.php\/wp-json\/wp\/v2\/media?parent=35445"}],"wp:term":[{"taxonomy":"category","embeddable":true,"href":"https:\/\/centralmedia.rs\/index.php\/wp-json\/wp\/v2\/categories?post=35445"},{"taxonomy":"post_tag","embeddable":true,"href":"https:\/\/centralmedia.rs\/index.php\/wp-json\/wp\/v2\/tags?post=35445"}],"curies":[{"name":"wp","href":"https:\/\/api.w.org\/{rel}","templated":true}]}}