{"id":35486,"date":"2023-07-05T18:11:30","date_gmt":"2023-07-05T16:11:30","guid":{"rendered":"http:\/\/centralmedia.rs\/?p=35486"},"modified":"2023-07-07T13:31:16","modified_gmt":"2023-07-07T11:31:16","slug":"palma-vi-iz-opozicije-ako-ste-za-izbore-budite-jedinstveni-i-to-kazite","status":"publish","type":"post","link":"https:\/\/centralmedia.rs\/index.php\/2023\/07\/05\/palma-vi-iz-opozicije-ako-ste-za-izbore-budite-jedinstveni-i-to-kazite\/","title":{"rendered":"PALMA : VI IZ OPOZICIJE AKO STE ZA IZBORE BUDITE JEDINSTVENI I TO KA\u017dITE"},"content":{"rendered":"<p>\u201eJedinstvena Srbija nije za ovakav vid demokratije, odnosno za demonstraciju sile, kakvu smo danas gledali u Skup\u0161tini Srbije i pro\u0161le nedelje na ulicama Beograda. Dugo sam u parlamentu, ali nikada se nije desilo da se o tri ta\u010dke dnevnog reda raspravlja 45 dana i da 45 dana se pri\u010da jedno te isto. Demokratija je po\u0161tovanje tu\u0111eg mi\u0161ljenja i da svako ka\u017ee \u0161ta \u017eeli, ali nije demokratija da 6 automobila blokira me\u0111unarodni auto put. Ta blokada donosi veliku ekonomsku \u0161tetu Srbiji. Ono \u0161to me boli je to \u0161to nikada nije bio ve\u0107i pritisak na Srbiju i dr\u017eavno rukovodstvo po pitanju Kosova i Metohije, a ima pojedinih partija u Srbiji koje podr\u017eavaju Aljbina Kurtija, koji svakoga dana hapsi i izmi\u0161lja optu\u017enice protiv Srba. Mi moramo bar oko nacionalnog i dr\u017eavnog pitanja da budemo jedinstveni. Pored politi\u010dkih pritisaka na Srbiju imamo i nikad ja\u010de elementarne nepogode i veliku \u0161tetu za poljoprivredne poizvo\u0111a\u010de. P\u0161enica i \u017eito slabijeg i kvaliteta i kvantiteta usled poplava kao i ostale poljoprivredne kulture. Te\u0161ko \u0107e poljoprivrednici mo\u0107i da nadoknade inpute i da se pripreme za slede\u0107u sezonu. To je tema\u201c, rekao je predsednik i \u0161ef poslani\u010dke grupe Jedinstvene Srbije u Skup\u0161tini Srbije Dragan Markovi\u0107 Palma. \u201eZar bi toliko investitora dolazilo u Srbiju da donose svoj kapital, da ovde postoji neko \u017eari\u0161te. Niko, ni pozciija ni opozicija, ne smeju da zaustavljaju ekonomski napredak Srbije. MMF sa sedi\u0161tem u Va\u0161ingtonu ka\u017ee da je Srbija stabilna ekonomski i pohvalio je ekonomsku politiku Srbije. Ja nikada nisam imao vi\u0161e interesovanja stranih investitora za otvaranje fabrika u Jagodini nego danas. Vi iz opozicije ako ste za izbore onda u tome budite jedinstveni i ka\u017eite da ste za izbore. \u0160to se ti\u010de ministra unutra\u0161njih poslova Bratislava Ga\u0161i\u0107a, \u0161ta je on kriv ? Ovom ubici iz Mladenovca treba uhapsiti i dede i babe i tetke i te\u010de i ujke. Morali su da znaju \u0161ta ta bitanga ima i kakav je, kao i njegovi roditelji. Ovo ludo dete ubica iz Beograda nije proma\u0161io nijednog, ko je to mogao da predvidi ? Ne mo\u017ee se kriviti ni policija ni ministar za te tragedije. Jedinstvena Srbija je protiv smene Bratislava Ga\u0161i\u0107a i tako \u0107emo glasati\u201c, rekao je Markovi\u0107.<\/p>\n<p>STUDENTI<\/p>\n<p>&#8220;U Skup\u0161tini Srbije niko ne napada studente. Studenti su uvek u pravu, ali studenti svoja prava treba da tra\u017ee u institucijama. Ako su visoke \u0161kolarine ili cena najma stanova, koja je u Beogradu porasla sa 400 na 700 evra to diktira tr\u017ei\u0161te a ne institucije&#8221;, rekao je Dragan Markovic Palma.<\/p>\n","protected":false},"excerpt":{"rendered":"<p>\u201eJedinstvena Srbija nije za ovakav vid demokratije, odnosno za demonstraciju sile, kakvu smo danas gledali u Skup\u0161tini Srbije i pro\u0161le nedelje na ulicama Beograda. Dugo &hellip; <\/p>\n","protected":false},"author":2,"featured_media":35488,"comment_status":"open","ping_status":"open","sticky":false,"template":"","format":"standard","meta":{"footnotes":""},"categories":[1524,2,5643,1514,13,887,12],"tags":[701,532,120,1293],"_links":{"self":[{"href":"https:\/\/centralmedia.rs\/index.php\/wp-json\/wp\/v2\/posts\/35486"}],"collection":[{"href":"https:\/\/centralmedia.rs\/index.php\/wp-json\/wp\/v2\/posts"}],"about":[{"href":"https:\/\/centralmedia.rs\/index.php\/wp-json\/wp\/v2\/types\/post"}],"author":[{"embeddable":true,"href":"https:\/\/centralmedia.rs\/index.php\/wp-json\/wp\/v2\/users\/2"}],"replies":[{"embeddable":true,"href":"https:\/\/centralmedia.rs\/index.php\/wp-json\/wp\/v2\/comments?post=35486"}],"version-history":[{"count":1,"href":"https:\/\/centralmedia.rs\/index.php\/wp-json\/wp\/v2\/posts\/35486\/revisions"}],"predecessor-version":[{"id":35487,"href":"https:\/\/centralmedia.rs\/index.php\/wp-json\/wp\/v2\/posts\/35486\/revisions\/35487"}],"wp:featuredmedia":[{"embeddable":true,"href":"https:\/\/centralmedia.rs\/index.php\/wp-json\/wp\/v2\/media\/35488"}],"wp:attachment":[{"href":"https:\/\/centralmedia.rs\/index.php\/wp-json\/wp\/v2\/media?parent=35486"}],"wp:term":[{"taxonomy":"category","embeddable":true,"href":"https:\/\/centralmedia.rs\/index.php\/wp-json\/wp\/v2\/categories?post=35486"},{"taxonomy":"post_tag","embeddable":true,"href":"https:\/\/centralmedia.rs\/index.php\/wp-json\/wp\/v2\/tags?post=35486"}],"curies":[{"name":"wp","href":"https:\/\/api.w.org\/{rel}","templated":true}]}}