{"id":35489,"date":"2023-07-06T14:03:32","date_gmt":"2023-07-06T12:03:32","guid":{"rendered":"http:\/\/centralmedia.rs\/?p=35489"},"modified":"2023-07-10T19:32:47","modified_gmt":"2023-07-10T17:32:47","slug":"motociklistima-sa-zlatibora-dva-prva-i-jedno-trece-mesto","status":"publish","type":"post","link":"https:\/\/centralmedia.rs\/index.php\/2023\/07\/06\/motociklistima-sa-zlatibora-dva-prva-i-jedno-trece-mesto\/","title":{"rendered":"Motociklistima sa Zlatibora dva prva i jedno tre\u0107e mesto"},"content":{"rendered":"<p>\u010cAJETINA-\u00a0\u010clanovi AMKK Zlatibor su proteklog vikenda na prvoj brzinskoj trci voza\u010da motocikala, koja se boduje i za nacionalni \u0161ampionat, ostvarili odli\u010dan rezultat i tako najavili borbu za sam vrh u ovoj takmi\u010darskoj sezoni.<\/p>\n<div id='gallery-1' class='gallery galleryid-35489 gallery-columns-2 gallery-size-thumbnail'><figure class='gallery-item'>\n\t\t\t<div class='gallery-icon landscape'>\n\t\t\t\t<a href='https:\/\/centralmedia.rs\/index.php\/2023\/07\/06\/motociklistima-sa-zlatibora-dva-prva-i-jedno-trece-mesto\/moto-trka-na-navak-stazi-pobednici-1\/'><img loading=\"lazy\" decoding=\"async\" width=\"150\" height=\"150\" src=\"https:\/\/centralmedia.rs\/wp-content\/uploads\/2023\/07\/Moto-trka-na-NAVAk-stazi-pobednici-1-150x150.jpg\" class=\"attachment-thumbnail size-thumbnail\" alt=\"\" \/><\/a>\n\t\t\t<\/div><\/figure><figure class='gallery-item'>\n\t\t\t<div class='gallery-icon landscape'>\n\t\t\t\t<a href='https:\/\/centralmedia.rs\/index.php\/2023\/07\/06\/motociklistima-sa-zlatibora-dva-prva-i-jedno-trece-mesto\/moto-trka-na-navak-stazi-pobednici-2\/'><img loading=\"lazy\" decoding=\"async\" width=\"150\" height=\"150\" src=\"https:\/\/centralmedia.rs\/wp-content\/uploads\/2023\/07\/Moto-trka-na-NAVAK-stazi-pobednici-2-150x150.jpg\" class=\"attachment-thumbnail size-thumbnail\" alt=\"\" \/><\/a>\n\t\t\t<\/div><\/figure>\n\t\t<\/div>\n\n<p>Na stazi Nacionalne voza\u010dke akademije NAVAK, Marko Maksimovi\u0107 je nakon duge borbe sa voza\u010dem iz BiH uspeo da odnese pobedu u klasi 1000formula, dok je Goran Stojanovi\u0107 u najja\u010doj klasi 1000stk tako\u0111e osvojio prvo mesto, uprkos problemima koje je imao na startu trke. Nemanja Paunovi\u0107 je u klasi 600sst osvojio tre\u0107e mesto, konstantno dobrom vo\u017enjom od po\u010detka do kraja trke. Ovime je AMKK Zlatibor zauzeo drugo mesto u ekipnom bodovanju klubova.<\/p>\n<p>Slede\u0107a trka motosporta \u0107e se voziti od 4. do 6. avgusta na \u010duvenoj stazi Grobnik pored grada Rijeka u Hrvatskoj.<\/p>\n","protected":false},"excerpt":{"rendered":"<p>\u010cAJETINA-\u00a0\u010clanovi AMKK Zlatibor su proteklog vikenda na prvoj brzinskoj trci voza\u010da motocikala, koja se boduje i za nacionalni \u0161ampionat, ostvarili odli\u010dan rezultat i tako najavili &hellip; <\/p>\n","protected":false},"author":2,"featured_media":35490,"comment_status":"open","ping_status":"open","sticky":false,"template":"","format":"standard","meta":{"footnotes":""},"categories":[2875,5787,1524,2,887,21,12],"tags":[2762,6250],"_links":{"self":[{"href":"https:\/\/centralmedia.rs\/index.php\/wp-json\/wp\/v2\/posts\/35489"}],"collection":[{"href":"https:\/\/centralmedia.rs\/index.php\/wp-json\/wp\/v2\/posts"}],"about":[{"href":"https:\/\/centralmedia.rs\/index.php\/wp-json\/wp\/v2\/types\/post"}],"author":[{"embeddable":true,"href":"https:\/\/centralmedia.rs\/index.php\/wp-json\/wp\/v2\/users\/2"}],"replies":[{"embeddable":true,"href":"https:\/\/centralmedia.rs\/index.php\/wp-json\/wp\/v2\/comments?post=35489"}],"version-history":[{"count":1,"href":"https:\/\/centralmedia.rs\/index.php\/wp-json\/wp\/v2\/posts\/35489\/revisions"}],"predecessor-version":[{"id":35493,"href":"https:\/\/centralmedia.rs\/index.php\/wp-json\/wp\/v2\/posts\/35489\/revisions\/35493"}],"wp:featuredmedia":[{"embeddable":true,"href":"https:\/\/centralmedia.rs\/index.php\/wp-json\/wp\/v2\/media\/35490"}],"wp:attachment":[{"href":"https:\/\/centralmedia.rs\/index.php\/wp-json\/wp\/v2\/media?parent=35489"}],"wp:term":[{"taxonomy":"category","embeddable":true,"href":"https:\/\/centralmedia.rs\/index.php\/wp-json\/wp\/v2\/categories?post=35489"},{"taxonomy":"post_tag","embeddable":true,"href":"https:\/\/centralmedia.rs\/index.php\/wp-json\/wp\/v2\/tags?post=35489"}],"curies":[{"name":"wp","href":"https:\/\/api.w.org\/{rel}","templated":true}]}}