{"id":35519,"date":"2023-07-10T18:47:52","date_gmt":"2023-07-10T16:47:52","guid":{"rendered":"http:\/\/centralmedia.rs\/?p=35519"},"modified":"2023-07-11T20:31:44","modified_gmt":"2023-07-11T18:31:44","slug":"palma-u-politici-kao-i-u-zdravstvu-postoje-dva-tremina-akutno-i-hronicno-a-izjave-radeta-baste-su-hronicno-nanele-stetu-drzavi-srbiji-i-gradanima-srbije","status":"publish","type":"post","link":"https:\/\/centralmedia.rs\/index.php\/2023\/07\/10\/palma-u-politici-kao-i-u-zdravstvu-postoje-dva-tremina-akutno-i-hronicno-a-izjave-radeta-baste-su-hronicno-nanele-stetu-drzavi-srbiji-i-gradanima-srbije\/","title":{"rendered":"PALMA  : U POLITICI KAO I U ZDRAVSTVU POSTOJE DVA TREMINA,  AKUTNO I HRONI\u010cNO, A IZJAVE RADETA BASTE SU HRONI\u010cNO NANELE \u0160TETU DR\u017dAVI SRBIJI I GRA\u0110ANIMA SRBIJE"},"content":{"rendered":"<p>\u201eKada je Jedinstvena Srbija predlagala Radeta Bastu za ministra privrede njegov CV je bio taj da je imao privatnu kompaniju i da, kada je bio direktor Javnog komunalnog preduze\u0107a \u201eBeogradske elektrane\u201c nije bilo problema u Beogradu, ali nas nije prevario njegov CV, nego njegovo pona\u0161anje. Mi ne \u017eelimo da jedno pri\u010damo, a drugo radimo. Koalicija SPS \u2013 Jedinstvena Srbija je u predizbornoj kampanji govorila da smo protiv uvo\u0111enja sankcija Rusiji. To nisu samo politi\u010dki razlozi, ve\u0107 u ekonomski, Pogledajte kolika je cena gasa u Srbij, a kolika je u dr\u017eavama koje su uvele sankcije Rusiji. Uvek sam postavljao pitanje \u201eako bi Srbija uvela sankcije Rusiji da li bi prestao rat u Ukrajini\u201c, odgovor je NE. Uvek sam govorio Radetu Basti \u201enemoj ja pa ja, nego ja ispred Vlade Republike Srbije kao ministar privrede\u201c. U politici, kao i u zdravstvu imate dva termina, akutno i hroni\u010dno, a izjave Radeta Baste su hroni\u010dno pravile \u0161tetu gra\u0111anima Srbije i dr\u017eavi Srbiji. Vlada Srbije je kolektivni organ i ne mo\u017eete vi da sprovodite neku svoju autonomnu politiku, a ne bavite se svojim resorom ministra privrede\u201c, izjavio je predsednik i \u0161ef poslani\u010dke grupe Jedinstvene Srbije Dragan Markovi\u0107 Palma tokom rasprave u Skup\u0161tini Srbije o smeni ministra privrede Radeta Baste. \u201eKo si ti da sam kao ministar odlu\u010duje\u0161 da ode\u0161 u neku dr\u017eavu i pri\u010da\u0161 \u0161ta je lo\u0161e, a \u0161ta dobro u dr\u017eavi Srbiji. Ja kada sam god negde i\u0161ao od SAD do Rusije, Turske, Gr\u010dke, Austrije, Italije, Francuske Nema\u010dke i ostalih dr\u017eava uvek sam upoznao predsednika vlade i predsednika dr\u017eave gde idem, \u0161ta su teme i po povratku \u0161ta je rezultat. Ja \u017eelim da se izvinim gra\u0111anima Srbije \u0161to mi iz Jedinstvene Srbije napravili takvu gre\u0161ku da predlo\u017eimo Radeta Bastu za ministra privrede i taj \u010dovek vi\u0161e ne mo\u017ee biti ni ministar ni \u010dlan Jedinstvene Srbije. 50 puta sam govorio Basti \u201enemoj to da radi\u0161\u201c, a on \u201e\u0161efe ne\u0107u\u201c. Rade Basta je moje najve\u0107e neprijatno iznena\u0111enje u \u017eivotu i to sam mu rekao. \u010covek pravi gre\u0161ke u \u017eivotu. Kada se neko predla\u017ee za neku funkciju taj mora da pro\u0111e mnogo skenera da se vidi ko je i \u0161ta je. Ja \u017eelim da se zahvalim Srpskoj naprednoj stranci kao najve\u0107oj stranci u Srbiji i nabrojnijoj u Skup\u0161tini Srbije \u0161to je prihvatila na\u0161 predlog da se smeni ministar privrede Rade Basta\u201c, kazao je Markovi\u0107. \u201ePolitika Jedinstvene Srbije, kao i koalicije SPS \u2013 Jedinstvena Srbija je ne\u0107emo da uvodimo sankcije Rusiji ne\u0107emo da priznamo nezavisno Kosovo i ne\u0107emo u NATO. Ja \u017eelim da se zahvalim pre svega predsedniku Srbije Aleksandru Vu\u010di\u0107u na miroljubivoj politici koju vodi, kao i ministru spoljnih poslova Ivici Da\u010di\u0107u, zatim turskom predsedniku Erdoganu \u0161to je indirektno pomirio Bo\u0161njake i Srbe u na\u0161oj dr\u017eavi, \u017eelim da se zahvalim premijeru Orbanu \u0161to danas imamo najbolje odnose sa Ma\u0111arskom u istoriji, a evo do\u0161ao je i predsednik Crne Gore Jakov Milatovi\u0107 koji sigurno ne zastupa politiku koju je zastupao Milo \u0110ukanovi\u0107\u201c, istakao je Dragan Markovi\u0107 Palma.<\/p>\n","protected":false},"excerpt":{"rendered":"<p>\u201eKada je Jedinstvena Srbija predlagala Radeta Bastu za ministra privrede njegov CV je bio taj da je imao privatnu kompaniju i da, kada je bio &hellip; <\/p>\n","protected":false},"author":2,"featured_media":35520,"comment_status":"open","ping_status":"open","sticky":false,"template":"","format":"standard","meta":{"footnotes":""},"categories":[1524,2,1514,5643,13,887,12],"tags":[6148,120,1293],"_links":{"self":[{"href":"https:\/\/centralmedia.rs\/index.php\/wp-json\/wp\/v2\/posts\/35519"}],"collection":[{"href":"https:\/\/centralmedia.rs\/index.php\/wp-json\/wp\/v2\/posts"}],"about":[{"href":"https:\/\/centralmedia.rs\/index.php\/wp-json\/wp\/v2\/types\/post"}],"author":[{"embeddable":true,"href":"https:\/\/centralmedia.rs\/index.php\/wp-json\/wp\/v2\/users\/2"}],"replies":[{"embeddable":true,"href":"https:\/\/centralmedia.rs\/index.php\/wp-json\/wp\/v2\/comments?post=35519"}],"version-history":[{"count":3,"href":"https:\/\/centralmedia.rs\/index.php\/wp-json\/wp\/v2\/posts\/35519\/revisions"}],"predecessor-version":[{"id":35523,"href":"https:\/\/centralmedia.rs\/index.php\/wp-json\/wp\/v2\/posts\/35519\/revisions\/35523"}],"wp:featuredmedia":[{"embeddable":true,"href":"https:\/\/centralmedia.rs\/index.php\/wp-json\/wp\/v2\/media\/35520"}],"wp:attachment":[{"href":"https:\/\/centralmedia.rs\/index.php\/wp-json\/wp\/v2\/media?parent=35519"}],"wp:term":[{"taxonomy":"category","embeddable":true,"href":"https:\/\/centralmedia.rs\/index.php\/wp-json\/wp\/v2\/categories?post=35519"},{"taxonomy":"post_tag","embeddable":true,"href":"https:\/\/centralmedia.rs\/index.php\/wp-json\/wp\/v2\/tags?post=35519"}],"curies":[{"name":"wp","href":"https:\/\/api.w.org\/{rel}","templated":true}]}}