{"id":3553,"date":"2016-06-30T13:30:44","date_gmt":"2016-06-30T13:30:44","guid":{"rendered":"http:\/\/centralmedia.rs\/?p=3553"},"modified":"2017-01-16T13:58:58","modified_gmt":"2017-01-16T13:58:58","slug":"evropski-vitezovi-dolaze-u-despotovac","status":"publish","type":"post","link":"https:\/\/centralmedia.rs\/index.php\/2016\/06\/30\/evropski-vitezovi-dolaze-u-despotovac\/","title":{"rendered":"EVROPSKI VITEZOVI DOLAZE U DESPOTOVAC"},"content":{"rendered":"<p>DESPOTOVAC-Vitezovi iz vi\u0161e od 15 evropskih dr\u017eava, kao i njihovi prijatelji iz Japana i Kine, u\u010destvova\u0107e na II Me\u0111unarodnom vite\u0161kom festivalu \u201eDespot Stefan Lazarevi\u0107&#8221; &#8211; JUST OUT Manasija 2016., potvrdio je direktor tog festival Vladimir Blagojevi\u0107.<\/p>\n<p><div id='gallery-1' class='gallery galleryid-3553 gallery-columns-2 gallery-size-large'><figure class='gallery-item'>\n\t\t\t<div class='gallery-icon landscape'>\n\t\t\t\t<a href='https:\/\/centralmedia.rs\/index.php\/2016\/06\/30\/evropski-vitezovi-dolaze-u-despotovac\/festival-vitezova-desptovac-j-o-1\/'><img loading=\"lazy\" decoding=\"async\" width=\"760\" height=\"507\" src=\"https:\/\/centralmedia.rs\/wp-content\/uploads\/2016\/06\/festival-vitezova-desptovac-j.o.-1-1024x683.jpg\" class=\"attachment-large size-large\" alt=\"\" srcset=\"https:\/\/centralmedia.rs\/wp-content\/uploads\/2016\/06\/festival-vitezova-desptovac-j.o.-1-1024x683.jpg 1024w, https:\/\/centralmedia.rs\/wp-content\/uploads\/2016\/06\/festival-vitezova-desptovac-j.o.-1-300x200.jpg 300w, https:\/\/centralmedia.rs\/wp-content\/uploads\/2016\/06\/festival-vitezova-desptovac-j.o.-1-768x512.jpg 768w, https:\/\/centralmedia.rs\/wp-content\/uploads\/2016\/06\/festival-vitezova-desptovac-j.o.-1.jpg 1200w\" sizes=\"(max-width: 760px) 100vw, 760px\" \/><\/a>\n\t\t\t<\/div><\/figure><figure class='gallery-item'>\n\t\t\t<div class='gallery-icon landscape'>\n\t\t\t\t<a href='https:\/\/centralmedia.rs\/index.php\/2016\/06\/30\/evropski-vitezovi-dolaze-u-despotovac\/festival-vitezova-desptovac-j-o-2\/'><img loading=\"lazy\" decoding=\"async\" width=\"760\" height=\"507\" src=\"https:\/\/centralmedia.rs\/wp-content\/uploads\/2016\/06\/festival-vitezova-desptovac-j.o.-2-1024x683.jpg\" class=\"attachment-large size-large\" alt=\"\" srcset=\"https:\/\/centralmedia.rs\/wp-content\/uploads\/2016\/06\/festival-vitezova-desptovac-j.o.-2-1024x683.jpg 1024w, https:\/\/centralmedia.rs\/wp-content\/uploads\/2016\/06\/festival-vitezova-desptovac-j.o.-2-300x200.jpg 300w, https:\/\/centralmedia.rs\/wp-content\/uploads\/2016\/06\/festival-vitezova-desptovac-j.o.-2-768x512.jpg 768w, https:\/\/centralmedia.rs\/wp-content\/uploads\/2016\/06\/festival-vitezova-desptovac-j.o.-2.jpg 1200w\" sizes=\"(max-width: 760px) 100vw, 760px\" \/><\/a>\n\t\t\t<\/div><\/figure>\n\t\t<\/div>\n<br \/>\n-Vite\u0161ki festival se organizuje pod pokroviteljstvom predsednika Srbije Tomislava Nikoli\u0107a. Povod za festival je izuzetno zna\u010dajan jubilej &#8211; \u0161est stotina godina manastira Manasija. Cilj manifestacije je promocija srpske kulture i ba\u0161tine, uz u\u010de\u0161\u0107e brojnih umetnika i vite\u0161kih trupa iz Evrope i sveta. Pored demonstracija vite\u0161kog ume\u0107a, degustacije hrane i pi\u0107a, srednjevekovnih zanata, vite\u0161kog sela, bogatog kulturno umetni\u010dkog programa uz pesmu i igru posetiocima \u0107e biti na raspolaganju i 3D digitalni eksponati u okviru vizitorskog centra, unutar zidova manastira Manasija, rekao je on.<br \/>\nNa turniru \u0107e ove godine u\u010destvovat,i pored doma\u0107ih predstavnika, grupe iz Bugarske, Ma\u0111arske, Republike Srpske, Rumunije, Rusije, Slovenije, Ukrajine, Francuske, Hrvatske, \u010ce\u0161ke, kroz defile i demonstraciju ve\u0161tina po kojoj je dr\u017eava koju predstavljaju poznata. o\u010dekuju se potvrde ekipa iz Norve\u0161ke, \u0160vedske, Danske, Finske, Nema\u010dke, Japana i Kine.<\/p>\n<p><div id='gallery-2' class='gallery galleryid-3553 gallery-columns-2 gallery-size-large'><figure class='gallery-item'>\n\t\t\t<div class='gallery-icon landscape'>\n\t\t\t\t<a href='https:\/\/centralmedia.rs\/index.php\/2016\/06\/30\/evropski-vitezovi-dolaze-u-despotovac\/festival-vitezova-desptovac-j-o-3\/'><img loading=\"lazy\" decoding=\"async\" width=\"760\" height=\"507\" src=\"https:\/\/centralmedia.rs\/wp-content\/uploads\/2016\/06\/festival-vitezova-desptovac-j.o.-3-1024x683.jpg\" class=\"attachment-large size-large\" alt=\"\" srcset=\"https:\/\/centralmedia.rs\/wp-content\/uploads\/2016\/06\/festival-vitezova-desptovac-j.o.-3-1024x683.jpg 1024w, https:\/\/centralmedia.rs\/wp-content\/uploads\/2016\/06\/festival-vitezova-desptovac-j.o.-3-300x200.jpg 300w, https:\/\/centralmedia.rs\/wp-content\/uploads\/2016\/06\/festival-vitezova-desptovac-j.o.-3-768x512.jpg 768w, https:\/\/centralmedia.rs\/wp-content\/uploads\/2016\/06\/festival-vitezova-desptovac-j.o.-3.jpg 1200w\" sizes=\"(max-width: 760px) 100vw, 760px\" \/><\/a>\n\t\t\t<\/div><\/figure><figure class='gallery-item'>\n\t\t\t<div class='gallery-icon landscape'>\n\t\t\t\t<a href='https:\/\/centralmedia.rs\/index.php\/2016\/06\/30\/evropski-vitezovi-dolaze-u-despotovac\/festival-vitezova-desptovac-j-o\/'><img loading=\"lazy\" decoding=\"async\" width=\"760\" height=\"507\" src=\"https:\/\/centralmedia.rs\/wp-content\/uploads\/2016\/06\/festival-vitezova-desptovac-j.o.-1024x683.jpg\" class=\"attachment-large size-large\" alt=\"\" srcset=\"https:\/\/centralmedia.rs\/wp-content\/uploads\/2016\/06\/festival-vitezova-desptovac-j.o.-1024x683.jpg 1024w, https:\/\/centralmedia.rs\/wp-content\/uploads\/2016\/06\/festival-vitezova-desptovac-j.o.-300x200.jpg 300w, https:\/\/centralmedia.rs\/wp-content\/uploads\/2016\/06\/festival-vitezova-desptovac-j.o.-768x512.jpg 768w, https:\/\/centralmedia.rs\/wp-content\/uploads\/2016\/06\/festival-vitezova-desptovac-j.o..jpg 1200w\" sizes=\"(max-width: 760px) 100vw, 760px\" \/><\/a>\n\t\t\t<\/div><\/figure>\n\t\t<\/div>\n<br \/>\nFestival predstavlja upe\u010datljiv vizuelni do\u017eivlja\u0458 ko\u0458i \u0107e se odr\u017eati unutar manastira Manasija i pod zidinama manastira. Obzirom na pro\u0161logodi\u0161nju posetu od preko 20.000 ljudi tokom tri dana festivala, i na vi\u0161e od 300 stranih gostiju u\u010desnika, organizatori festival su uvereni da \u0107e ove godine broj u\u010desnika i posetilaca daleko prevazi\u0107i pro\u0161logodi\u0161nju posetu festivalu, kao i da \u0107e skrenuti jo\u0161 ve\u0107u pa\u017enju na blago Srbije koje je u nasle\u0111e ostavio Sveti Stefan despot Srpski.<br \/>\nFestival se odr\u017eava od 26 do 28 avgusta.<\/p>\n<p><em><strong>Pozitivni primeri-Razglednica iz Despotovca \u2013 Projekat se realizuje uz pomo\u0107 sredstava iz bud\u017eeta Op\u0161tine Despotovac<\/strong><\/em><\/p>\n","protected":false},"excerpt":{"rendered":"<p>DESPOTOVAC-Vitezovi iz vi\u0161e od 15 evropskih dr\u017eava, kao i njihovi prijatelji iz Japana i Kine, u\u010destvova\u0107e na II Me\u0111unarodnom vite\u0161kom festivalu \u201eDespot Stefan Lazarevi\u0107&#8221; &#8211; &hellip; <\/p>\n","protected":false},"author":4,"featured_media":3554,"comment_status":"open","ping_status":"open","sticky":false,"template":"","format":"standard","meta":{"footnotes":""},"categories":[1518,1524,2,887,12],"tags":[51,353,922,923],"_links":{"self":[{"href":"https:\/\/centralmedia.rs\/index.php\/wp-json\/wp\/v2\/posts\/3553"}],"collection":[{"href":"https:\/\/centralmedia.rs\/index.php\/wp-json\/wp\/v2\/posts"}],"about":[{"href":"https:\/\/centralmedia.rs\/index.php\/wp-json\/wp\/v2\/types\/post"}],"author":[{"embeddable":true,"href":"https:\/\/centralmedia.rs\/index.php\/wp-json\/wp\/v2\/users\/4"}],"replies":[{"embeddable":true,"href":"https:\/\/centralmedia.rs\/index.php\/wp-json\/wp\/v2\/comments?post=3553"}],"version-history":[{"count":0,"href":"https:\/\/centralmedia.rs\/index.php\/wp-json\/wp\/v2\/posts\/3553\/revisions"}],"wp:featuredmedia":[{"embeddable":true,"href":"https:\/\/centralmedia.rs\/index.php\/wp-json\/wp\/v2\/media\/3554"}],"wp:attachment":[{"href":"https:\/\/centralmedia.rs\/index.php\/wp-json\/wp\/v2\/media?parent=3553"}],"wp:term":[{"taxonomy":"category","embeddable":true,"href":"https:\/\/centralmedia.rs\/index.php\/wp-json\/wp\/v2\/categories?post=3553"},{"taxonomy":"post_tag","embeddable":true,"href":"https:\/\/centralmedia.rs\/index.php\/wp-json\/wp\/v2\/tags?post=3553"}],"curies":[{"name":"wp","href":"https:\/\/api.w.org\/{rel}","templated":true}]}}