{"id":35552,"date":"2023-07-12T16:04:58","date_gmt":"2023-07-12T14:04:58","guid":{"rendered":"http:\/\/centralmedia.rs\/?p=35552"},"modified":"2023-07-15T19:32:44","modified_gmt":"2023-07-15T17:32:44","slug":"jagodina-obelezila-gradsku-slavu-petrovdan","status":"publish","type":"post","link":"https:\/\/centralmedia.rs\/index.php\/2023\/07\/12\/jagodina-obelezila-gradsku-slavu-petrovdan\/","title":{"rendered":"JAGODINA OBELE\u017dILA GRADSKU SLAVU \u2013 PETROVDAN"},"content":{"rendered":"<p>JAGODINA- Jagodina je obele\u017eila gradsku slavu \u2013 Petrovdan. U Gradskoj upravi rezanjem slavskog kola\u010da u prisustvu sve\u0161tenika SPC i predstavnika javnih ustanova i preduze\u0107a, te politi\u010dkih partija simboli\u010dno je obele\u017een Petrovdan. Gradona\u010delnik Ratko Stevanovi\u0107 je \u010destitao Petrovdan svim gra\u0111anima.<\/p>\n<p><img loading=\"lazy\" decoding=\"async\" class=\"alignnone wp-image-35554 size-large\" src=\"http:\/\/centralmedia.rs\/wp-content\/uploads\/2023\/07\/petrovdan1-1024x498.jpg\" alt=\"\" width=\"640\" height=\"311\" srcset=\"https:\/\/centralmedia.rs\/wp-content\/uploads\/2023\/07\/petrovdan1-1024x498.jpg 1024w, https:\/\/centralmedia.rs\/wp-content\/uploads\/2023\/07\/petrovdan1-300x146.jpg 300w, https:\/\/centralmedia.rs\/wp-content\/uploads\/2023\/07\/petrovdan1-768x373.jpg 768w, https:\/\/centralmedia.rs\/wp-content\/uploads\/2023\/07\/petrovdan1-864x420.jpg 864w, https:\/\/centralmedia.rs\/wp-content\/uploads\/2023\/07\/petrovdan1-640x311.jpg 640w, https:\/\/centralmedia.rs\/wp-content\/uploads\/2023\/07\/petrovdan1-681x331.jpg 681w, https:\/\/centralmedia.rs\/wp-content\/uploads\/2023\/07\/petrovdan1.jpg 1800w\" sizes=\"(max-width: 640px) 100vw, 640px\" \/><\/p>\n<p>-Upu\u0107ujemo molitve na\u0161im za\u0161titnicima Svetim apostolima Petru i Pavlu da nas u budu\u0107nosti po\u0161tede nesre\u0107a koje su se dogodile u Jagodini od 25. maja do 6. Jula, da pomognemo gra\u0111anima u sanaciji \u0161teta koje su nezabele\u017eene. Enormne padavine su uzrok \u0161teta, poku\u0161a\u0107emo da pomognemo gra\u0111anima da nadoknade sve \u0161to je uni\u0161teno. \u017delimo da odr\u017eimo razvoj grada, da otvaramo nova radna mesta i pobolj\u0161avamo standard gra\u0111ana, rekao je on.<\/p>\n<p>Ovogodi\u0161nji kola\u010dar odbornik Du\u0161an Markovi\u0107 je kola\u010d predao Gordani Jovanovi\u0107.<\/p>\n<p>-Najbitnije je jedinstvo u ovom te\u0161kim danima, da prebrodimo sve \u0161to je u ovoj godini, nadam se, iza nas. Pro\u0161le godine smo do\u010dekivali slavu u beri\u0107etu, a ovu sa ne\u0161to tu\u017eniji temama jer su poplave zahvatile \u0161ire podru\u010dje grada. Nadamo se da \u0107e naredna godina biti godina uspeha, napornog rada ali \u00a0blagostanja za gra\u0111ane Jagodine, istakao je on.<\/p>\n<p>Poslanik Nikola Radosavljevi\u0107 je po\u017eeleo gra\u0111anima da se 2023. godina vi\u0161e nikad ne ponovi zbog poplava.<\/p>\n<p>-Mnogi na\u0161i me\u0161tani, naro\u010dito sela, imali su ozbiljne probleme sa porodi\u010dnom imovinom. Jedinstvo me\u0111u gra\u0111anima Jagodine je na prvom mestu u borbi protiv ovakvih stvari koje su se desile i svi zajedno da trasiramo bolju budu\u0107nost grada, poru\u010dio je on.<\/p>\n<p>Svetom liturgijom u hramu Svetih apostola Petra i Pavla po\u010delo je obele\u017eavanje gradske slave, usledilo je otvaranje Etno sajma u porti tog hrama. Ve\u010deras od 21 sat je koncert YU grupe.<\/p>\n","protected":false},"excerpt":{"rendered":"<p>JAGODINA- Jagodina je obele\u017eila gradsku slavu \u2013 Petrovdan. U Gradskoj upravi rezanjem slavskog kola\u010da u prisustvu sve\u0161tenika SPC i predstavnika javnih ustanova i preduze\u0107a, te &hellip; <\/p>\n","protected":false},"author":2,"featured_media":35553,"comment_status":"open","ping_status":"open","sticky":false,"template":"","format":"standard","meta":{"footnotes":""},"categories":[14,1524,2,1514,5643,887,12],"tags":[58,965,2001],"_links":{"self":[{"href":"https:\/\/centralmedia.rs\/index.php\/wp-json\/wp\/v2\/posts\/35552"}],"collection":[{"href":"https:\/\/centralmedia.rs\/index.php\/wp-json\/wp\/v2\/posts"}],"about":[{"href":"https:\/\/centralmedia.rs\/index.php\/wp-json\/wp\/v2\/types\/post"}],"author":[{"embeddable":true,"href":"https:\/\/centralmedia.rs\/index.php\/wp-json\/wp\/v2\/users\/2"}],"replies":[{"embeddable":true,"href":"https:\/\/centralmedia.rs\/index.php\/wp-json\/wp\/v2\/comments?post=35552"}],"version-history":[{"count":1,"href":"https:\/\/centralmedia.rs\/index.php\/wp-json\/wp\/v2\/posts\/35552\/revisions"}],"predecessor-version":[{"id":35555,"href":"https:\/\/centralmedia.rs\/index.php\/wp-json\/wp\/v2\/posts\/35552\/revisions\/35555"}],"wp:featuredmedia":[{"embeddable":true,"href":"https:\/\/centralmedia.rs\/index.php\/wp-json\/wp\/v2\/media\/35553"}],"wp:attachment":[{"href":"https:\/\/centralmedia.rs\/index.php\/wp-json\/wp\/v2\/media?parent=35552"}],"wp:term":[{"taxonomy":"category","embeddable":true,"href":"https:\/\/centralmedia.rs\/index.php\/wp-json\/wp\/v2\/categories?post=35552"},{"taxonomy":"post_tag","embeddable":true,"href":"https:\/\/centralmedia.rs\/index.php\/wp-json\/wp\/v2\/tags?post=35552"}],"curies":[{"name":"wp","href":"https:\/\/api.w.org\/{rel}","templated":true}]}}