{"id":35557,"date":"2023-07-13T23:16:03","date_gmt":"2023-07-13T21:16:03","guid":{"rendered":"http:\/\/centralmedia.rs\/?p=35557"},"modified":"2023-07-15T19:32:52","modified_gmt":"2023-07-15T17:32:52","slug":"kulturno-zabavno-leto-u-svilajncu-3","status":"publish","type":"post","link":"https:\/\/centralmedia.rs\/index.php\/2023\/07\/13\/kulturno-zabavno-leto-u-svilajncu-3\/","title":{"rendered":"KULTURNO-ZABAVNO LETO U SVILAJNCU"},"content":{"rendered":"<p>SVILAJNAC-Sino\u0107 je u Dubnici odr\u017eano Ve\u010de folklora, na kom su u\u010destvovali KUD &#8220;Sin\u0111eli\u0107&#8221; iz Svilajnca, KUD &#8220;Stevan Sin\u0111eli\u0107&#8221; iz Vojske, KUD &#8220;Dimitrije Kati\u0107&#8221; iz Crkvenca, KUD &#8220;Sveta Trojica&#8221; Bobovo, vokalna solistkinja An\u0111ela Milosavljevi\u0107 iz Ku\u0161iljeva i solista na harmonici Ognjen Vi\u0107entijevi\u0107.<\/p>\n<div id='gallery-1' class='gallery galleryid-35557 gallery-columns-3 gallery-size-thumbnail'><figure class='gallery-item'>\n\t\t\t<div class='gallery-icon landscape'>\n\t\t\t\t<a href='https:\/\/centralmedia.rs\/index.php\/2023\/07\/13\/kulturno-zabavno-leto-u-svilajncu-3\/dubnica1\/'><img loading=\"lazy\" decoding=\"async\" width=\"150\" height=\"150\" src=\"https:\/\/centralmedia.rs\/wp-content\/uploads\/2023\/07\/dubnica1-150x150.jpg\" class=\"attachment-thumbnail size-thumbnail\" alt=\"\" \/><\/a>\n\t\t\t<\/div><\/figure><figure class='gallery-item'>\n\t\t\t<div class='gallery-icon landscape'>\n\t\t\t\t<a href='https:\/\/centralmedia.rs\/index.php\/2023\/07\/13\/kulturno-zabavno-leto-u-svilajncu-3\/dubnica2\/'><img loading=\"lazy\" decoding=\"async\" width=\"150\" height=\"150\" src=\"https:\/\/centralmedia.rs\/wp-content\/uploads\/2023\/07\/dubnica2-150x150.jpg\" class=\"attachment-thumbnail size-thumbnail\" alt=\"\" \/><\/a>\n\t\t\t<\/div><\/figure><figure class='gallery-item'>\n\t\t\t<div class='gallery-icon landscape'>\n\t\t\t\t<a href='https:\/\/centralmedia.rs\/index.php\/2023\/07\/13\/kulturno-zabavno-leto-u-svilajncu-3\/dubnica3\/'><img loading=\"lazy\" decoding=\"async\" width=\"150\" height=\"150\" src=\"https:\/\/centralmedia.rs\/wp-content\/uploads\/2023\/07\/dubnica3-150x150.jpg\" class=\"attachment-thumbnail size-thumbnail\" alt=\"\" \/><\/a>\n\t\t\t<\/div><\/figure>\n\t\t<\/div>\n\n<p>KULTURNO-ZABAVNO LETO nastavlja se 17. jula od 20:30 u RADO\u0160INU<\/p>\n","protected":false},"excerpt":{"rendered":"<p>SVILAJNAC-Sino\u0107 je u Dubnici odr\u017eano Ve\u010de folklora, na kom su u\u010destvovali KUD &#8220;Sin\u0111eli\u0107&#8221; iz Svilajnca, KUD &#8220;Stevan Sin\u0111eli\u0107&#8221; iz Vojske, KUD &#8220;Dimitrije Kati\u0107&#8221; iz Crkvenca, &hellip; <\/p>\n","protected":false},"author":2,"featured_media":35558,"comment_status":"open","ping_status":"open","sticky":false,"template":"","format":"standard","meta":{"footnotes":""},"categories":[1524,23,887,5785,1517,3055],"tags":[4693,2545,38],"_links":{"self":[{"href":"https:\/\/centralmedia.rs\/index.php\/wp-json\/wp\/v2\/posts\/35557"}],"collection":[{"href":"https:\/\/centralmedia.rs\/index.php\/wp-json\/wp\/v2\/posts"}],"about":[{"href":"https:\/\/centralmedia.rs\/index.php\/wp-json\/wp\/v2\/types\/post"}],"author":[{"embeddable":true,"href":"https:\/\/centralmedia.rs\/index.php\/wp-json\/wp\/v2\/users\/2"}],"replies":[{"embeddable":true,"href":"https:\/\/centralmedia.rs\/index.php\/wp-json\/wp\/v2\/comments?post=35557"}],"version-history":[{"count":1,"href":"https:\/\/centralmedia.rs\/index.php\/wp-json\/wp\/v2\/posts\/35557\/revisions"}],"predecessor-version":[{"id":35562,"href":"https:\/\/centralmedia.rs\/index.php\/wp-json\/wp\/v2\/posts\/35557\/revisions\/35562"}],"wp:featuredmedia":[{"embeddable":true,"href":"https:\/\/centralmedia.rs\/index.php\/wp-json\/wp\/v2\/media\/35558"}],"wp:attachment":[{"href":"https:\/\/centralmedia.rs\/index.php\/wp-json\/wp\/v2\/media?parent=35557"}],"wp:term":[{"taxonomy":"category","embeddable":true,"href":"https:\/\/centralmedia.rs\/index.php\/wp-json\/wp\/v2\/categories?post=35557"},{"taxonomy":"post_tag","embeddable":true,"href":"https:\/\/centralmedia.rs\/index.php\/wp-json\/wp\/v2\/tags?post=35557"}],"curies":[{"name":"wp","href":"https:\/\/api.w.org\/{rel}","templated":true}]}}