{"id":35575,"date":"2023-07-13T23:34:37","date_gmt":"2023-07-13T21:34:37","guid":{"rendered":"http:\/\/centralmedia.rs\/?p=35575"},"modified":"2023-07-15T19:33:39","modified_gmt":"2023-07-15T17:33:39","slug":"kulturno-leto-zlatibor-2023","status":"publish","type":"post","link":"https:\/\/centralmedia.rs\/index.php\/2023\/07\/13\/kulturno-leto-zlatibor-2023\/","title":{"rendered":"Kulturno leto Zlatibor 2023."},"content":{"rendered":"<p>Jul 2023.<\/p>\n<p>9.7. &#8211; Koncert KUD \u201eDule Milosavljevi\u0107 \u017dele\u201c iz \u010ca\u010dka i KUD \u201eAbra\u0161evi\u0107\u201c iz Kraljeva &#8211; 19:00<\/p>\n<p>12.7. \u2013 \u201ePetrovdanski dani\u201c u Sirogojnu \u2013 8:00<\/p>\n<p>15.7. \u2013 Festivalski orkestar \u201cVirtuozi\u201d pod upravom dirigenta Bojana Su\u0111i\u0107a \u2013 20:30<\/p>\n<p>17.7. \u2013 Festival harmonike \u201eIzvorske kapi\u201c \u2013 20:30<\/p>\n<p>20.7. \u2013 \u201ePoslala me mama\u201c \u2013 de\u010dija predstava \u2013 19:00<\/p>\n<p>21.7. \u2013 Koncert truba\u010dkih orkestara Zapadne Srbije &#8211; 20:30<\/p>\n<p>21-25.7. \u2013 \u201eCirkus za sve\u201c \u2013 ovladajte cirkuskim ve\u0161tinama \u2013 19:00<\/p>\n<p>22.7. \u2013 Koncert UZNNT \u201eZlatibor\u201c i KUD \u201ePlavi Delija\u201c Veliki Senpeter, Rumunija -19:00<\/p>\n<p>23.7. \u2013 Koncert grupe \u201eOgrlica od bisera\u201c -20:30<\/p>\n<p>26.7. \u2013 Koncert Nikola Rokvi\u0107 \u2013 20:30<\/p>\n<p>28-29.7. \u2013 Fudbal 3&#215;3<\/p>\n<p>28-30.7. \u2013 \u201eZalet\u201c festival, Galerija Kova\u010devi\u0107<\/p>\n<p>30.7. \u2013 Koncert Jellena i La Campanella bend \u2013 20:30<\/p>\n<p>31.7. &#8211; \u201cSurfi surf\u201d \u2013 de\u010dija predstava \u2013 19:00<\/p>\n<p>Avgust 2023.<\/p>\n<p>2.8. \u201c\u010cudna \u0161uma\u201d \u2013 de\u010dija predstava -19:00<\/p>\n<p>3.8. &#8211; Koncert grupe \u201cOsvaja\u010di\u201d \u2013 20:30<\/p>\n<p>4.8. Erski kabare, \u010cajetina<\/p>\n<p>5.8. Erski kabare, Zlatibor<\/p>\n<p>5.8. \u201cPustinjska ljubav\u201d \u2013 de\u010dija predstava \u2013 19:00<\/p>\n<p>6-11.8. \u2013 \u201cCirkus za sve\u201d\u2013 ovladajte cirkuskim ve\u0161tinama \u2013 17:00 -20:00<\/p>\n<p>8.8. \u2013 Koncert \u017deljko Vasi\u0107 \u2013 20:30<\/p>\n<p>10.8. \u2013 Koncert Jelena Toma\u0161evi\u0107 -20:30<\/p>\n<p>13.8. \u2013 Koncert grupe \u201cNeverne bebe\u201d \u2013 20:30<\/p>\n<p>14.8. \u2013 \u201cZeka lepotan\u201d \u2013 de\u010dija predstava \u2013 19:00<\/p>\n<p>16-20.8. \u2013 Likovna kolonija Trnava<\/p>\n<p>16.8. \u2013 Licidersko srce<\/p>\n<p>17.8. \u2013 Licidersko srce<\/p>\n<p>18.8. \u2013 De\u010dija predstava \u2013 \u201cPrvo sko\u010di pa reci hop\u201d -19:00<\/p>\n<p>19.8. &#8211; Simfonijski orkestar i hor RTS-a, pod dirigentskom palicom Bojana Su\u0111i\u0107a, izvo\u0111enje dela Karla Orfa \u201cKarmina Burana\u201d -20:30<\/p>\n<p>20.8. \u2013 Koncert Nele Karajli\u0107 i Stefan Milenkovi\u0107\u00a0 &#8211; 20:30<\/p>\n<p>21.8. \u2013 Ovca rozi u vozu se vozi \u2013 de\u010dija predstava \u2013 19h<\/p>\n<p>23.8. \u2013 De\u010dija predstava \u2013 \u201cKo je u pravu, deco?\u201d \u201319:00<\/p>\n<p>24-27.8. Me\u0111unarodni festival sportskog filma<\/p>\n<p>24.8. \u2013 Kabare Mina Lazarevi\u0107\u00a0 &#8211; 20:30<\/p>\n<p>25.8. \u2013 U susret jednom veku Radio Beograda \u2013 Koncert narodne muzike \u2013 Ana Bekuta, Sne\u017eana \u0110uri\u0161i\u0107, \u010ceda Markovi\u0107, Jelena Bro\u0107i\u0107, Radi\u0161a Uro\u0161evi\u0107, Rade Jorovi\u0107, Mira Aleksi\u0107, Danka Stoiljkovi\u0107, Narodni orkestar RTS-a pod upravom Vlade Panovi\u0107a \u2013 \u010cajetina -20:30<\/p>\n<p>26.8. \u2013 Koncert d\u017eez muzike Aleksandar Tomi\u0107 \u2013 20:30<\/p>\n<p>28.8. \u2013 Koncert \u201cHitovi stare Jugoslavije\u201d \u2013 20:30<\/p>\n<p>29.8. \u2013 \u201eTu\u017eno pa\u010de\u201c \u2013 de\u010dija predstava \u2013 19:00<\/p>\n<p>30.8. \u2013 Koncert Sofija Peri\u0107 \u2013 19:00<\/p>\n<div id='gallery-1' class='gallery galleryid-35575 gallery-columns-2 gallery-size-thumbnail'><figure class='gallery-item'>\n\t\t\t<div class='gallery-icon portrait'>\n\t\t\t\t<a href='https:\/\/centralmedia.rs\/index.php\/2023\/07\/13\/kulturno-leto-zlatibor-2023\/kulturnoletoavgust\/'><img loading=\"lazy\" decoding=\"async\" width=\"150\" height=\"150\" src=\"https:\/\/centralmedia.rs\/wp-content\/uploads\/2023\/07\/Kulturnoletoavgust-150x150.jpg\" class=\"attachment-thumbnail size-thumbnail\" alt=\"\" srcset=\"https:\/\/centralmedia.rs\/wp-content\/uploads\/2023\/07\/Kulturnoletoavgust-150x150.jpg 150w, https:\/\/centralmedia.rs\/wp-content\/uploads\/2023\/07\/Kulturnoletoavgust-400x400.jpg 400w\" sizes=\"(max-width: 150px) 100vw, 150px\" \/><\/a>\n\t\t\t<\/div><\/figure><figure class='gallery-item'>\n\t\t\t<div class='gallery-icon portrait'>\n\t\t\t\t<a href='https:\/\/centralmedia.rs\/index.php\/2023\/07\/13\/kulturno-leto-zlatibor-2023\/kulturnoletojul\/'><img loading=\"lazy\" decoding=\"async\" width=\"150\" height=\"150\" src=\"https:\/\/centralmedia.rs\/wp-content\/uploads\/2023\/07\/Kulturnoletojul-150x150.jpg\" class=\"attachment-thumbnail size-thumbnail\" alt=\"\" srcset=\"https:\/\/centralmedia.rs\/wp-content\/uploads\/2023\/07\/Kulturnoletojul-150x150.jpg 150w, https:\/\/centralmedia.rs\/wp-content\/uploads\/2023\/07\/Kulturnoletojul-400x400.jpg 400w\" sizes=\"(max-width: 150px) 100vw, 150px\" \/><\/a>\n\t\t\t<\/div><\/figure>\n\t\t<\/div>\n\n","protected":false},"excerpt":{"rendered":"<p>Jul 2023. 9.7. &#8211; Koncert KUD \u201eDule Milosavljevi\u0107 \u017dele\u201c iz \u010ca\u010dka i KUD \u201eAbra\u0161evi\u0107\u201c iz Kraljeva &#8211; 19:00 12.7. \u2013 \u201ePetrovdanski dani\u201c u Sirogojnu \u2013 &hellip; <\/p>\n","protected":false},"author":2,"featured_media":35576,"comment_status":"open","ping_status":"open","sticky":false,"template":"","format":"standard","meta":{"footnotes":""},"categories":[5787,2875,1524,2,15,23,887,12,3054],"tags":[1001,2876],"_links":{"self":[{"href":"https:\/\/centralmedia.rs\/index.php\/wp-json\/wp\/v2\/posts\/35575"}],"collection":[{"href":"https:\/\/centralmedia.rs\/index.php\/wp-json\/wp\/v2\/posts"}],"about":[{"href":"https:\/\/centralmedia.rs\/index.php\/wp-json\/wp\/v2\/types\/post"}],"author":[{"embeddable":true,"href":"https:\/\/centralmedia.rs\/index.php\/wp-json\/wp\/v2\/users\/2"}],"replies":[{"embeddable":true,"href":"https:\/\/centralmedia.rs\/index.php\/wp-json\/wp\/v2\/comments?post=35575"}],"version-history":[{"count":1,"href":"https:\/\/centralmedia.rs\/index.php\/wp-json\/wp\/v2\/posts\/35575\/revisions"}],"predecessor-version":[{"id":35579,"href":"https:\/\/centralmedia.rs\/index.php\/wp-json\/wp\/v2\/posts\/35575\/revisions\/35579"}],"wp:featuredmedia":[{"embeddable":true,"href":"https:\/\/centralmedia.rs\/index.php\/wp-json\/wp\/v2\/media\/35576"}],"wp:attachment":[{"href":"https:\/\/centralmedia.rs\/index.php\/wp-json\/wp\/v2\/media?parent=35575"}],"wp:term":[{"taxonomy":"category","embeddable":true,"href":"https:\/\/centralmedia.rs\/index.php\/wp-json\/wp\/v2\/categories?post=35575"},{"taxonomy":"post_tag","embeddable":true,"href":"https:\/\/centralmedia.rs\/index.php\/wp-json\/wp\/v2\/tags?post=35575"}],"curies":[{"name":"wp","href":"https:\/\/api.w.org\/{rel}","templated":true}]}}