{"id":35588,"date":"2023-07-14T23:50:03","date_gmt":"2023-07-14T21:50:03","guid":{"rendered":"http:\/\/centralmedia.rs\/?p=35588"},"modified":"2023-07-17T23:43:45","modified_gmt":"2023-07-17T21:43:45","slug":"prva-eko-teretana-na-zlatiboru","status":"publish","type":"post","link":"https:\/\/centralmedia.rs\/index.php\/2023\/07\/14\/prva-eko-teretana-na-zlatiboru\/","title":{"rendered":"Prva eko teretana na Zlatiboru"},"content":{"rendered":"<p>Prvu eko teretanu na Zlatiboru, deo istoimenog projekta koji je pokrenut u Srbiji, sve\u010dano su otvorili predsednik Op\u0161tine \u010cajetina Milan Stamatovi\u0107 i upravitelj Fondacije Mocart Borjan Popovi\u0107 na stazi prema \u0160umatnom brdu na Zlatiboru. To je projekat cirkularne ekonomije u kome se drveni otpad prikuplja u akcijama \u010di\u0161\u0107enja reka, koji se potom otkorava i su\u0161i, te priprema za proces pravljenja sprava za ve\u017ebanje na otvorenom, a od kore drveta se pravi mal\u010d kao podloga na terenu za ve\u017ebanje.<\/p>\n<p>Ova teretana neka slu\u017ei i mladima i starima i nadam se da \u0107e se saradnja sa Fondacijom Mocart nastaviti i dalje, kao primer pozitivne prakse, da uradimo ne\u0161to pozitivno za budu\u0107nost na\u0161e dr\u017eave. Op\u0161tina \u010cajetina je ve\u0107 postavila preko 10 teretana na otvorenom na Zlatiboru, ali je ova specifi\u010dna, prva \u010dije su sprave napravljene od recikliranog materijala. Ova ideja menja svest na\u0161ih gra\u0111ana, \u0161alje jednu potpuno druga\u010diju poruku, da moramo da ulo\u017eimo mnogo vi\u0161e napora u o\u010duvanju \u017eivotne sredine, rekao je predsednik Op\u0161tine \u010cajetina Milan Stamatovi\u0107.<\/p>\n<p>Upravitelj Fondacije Mocart Borjan Popovi\u0107 je izrazio zahvalnost op\u0161tini \u010cajetina na svoj pru\u017eenoj logisti\u010dkoj podr\u0161ci u ostvarenju jednog ovakvog dru\u0161tveno korisnog i ekolo\u0161kog projekta, na op\u0161te zavovoljstvo svih stanovnika i posetioca Zlatibora. \u201eNa\u0161a fondacija \u0107e i u budu\u0107nosti maksimalno podr\u017eati ovaj projekat, i ovde na Zlatiboru i \u0161irom Srbije. Tako \u0107emo zajedni\u010dki u\u010destvovati u promovisanju amaterskog sporta i podizanju svesti ljudi o zdravlju i zna\u010daju bavljenja fizi\u010dkom aktivnosti\u201c izjavio je gospodin Popovi\u0107.<\/p>\n<p>Promovisanju zdravog na\u010dina \u017eivota i otvaranju eko teretane na Zlatiboru podr\u0161ku su prisustvom dale na\u0161e proslavljene odbojka\u0161ice Tijana Male\u0161evi\u0107 i Nata\u0161e Krsmanovi\u0107, \u010diji se Tin volej odbojka\u0161ki kamp ve\u0107 nekoliko godina odr\u017eava na na\u0161oj najpose\u0107enijoj planini, a kako se koriste sprave ove ekolo\u0161ke teretane pokazivali su biv\u0161a odbojka\u0161ka reprezentativka Milena Ra\u0161i\u0107 i Marko \u0106iri\u0107 iz privrednog dru\u0161tva Eko teretane, idejni tvorac projekta.<\/p>\n<p>&nbsp;<\/p>\n","protected":false},"excerpt":{"rendered":"<p>Prvu eko teretanu na Zlatiboru, deo istoimenog projekta koji je pokrenut u Srbiji, sve\u010dano su otvorili predsednik Op\u0161tine \u010cajetina Milan Stamatovi\u0107 i upravitelj Fondacije Mocart &hellip; <\/p>\n","protected":false},"author":2,"featured_media":35589,"comment_status":"open","ping_status":"open","sticky":false,"template":"","format":"standard","meta":{"footnotes":""},"categories":[5787,2875,1524,2,887,21,12],"tags":[6260,2876],"_links":{"self":[{"href":"https:\/\/centralmedia.rs\/index.php\/wp-json\/wp\/v2\/posts\/35588"}],"collection":[{"href":"https:\/\/centralmedia.rs\/index.php\/wp-json\/wp\/v2\/posts"}],"about":[{"href":"https:\/\/centralmedia.rs\/index.php\/wp-json\/wp\/v2\/types\/post"}],"author":[{"embeddable":true,"href":"https:\/\/centralmedia.rs\/index.php\/wp-json\/wp\/v2\/users\/2"}],"replies":[{"embeddable":true,"href":"https:\/\/centralmedia.rs\/index.php\/wp-json\/wp\/v2\/comments?post=35588"}],"version-history":[{"count":1,"href":"https:\/\/centralmedia.rs\/index.php\/wp-json\/wp\/v2\/posts\/35588\/revisions"}],"predecessor-version":[{"id":35590,"href":"https:\/\/centralmedia.rs\/index.php\/wp-json\/wp\/v2\/posts\/35588\/revisions\/35590"}],"wp:featuredmedia":[{"embeddable":true,"href":"https:\/\/centralmedia.rs\/index.php\/wp-json\/wp\/v2\/media\/35589"}],"wp:attachment":[{"href":"https:\/\/centralmedia.rs\/index.php\/wp-json\/wp\/v2\/media?parent=35588"}],"wp:term":[{"taxonomy":"category","embeddable":true,"href":"https:\/\/centralmedia.rs\/index.php\/wp-json\/wp\/v2\/categories?post=35588"},{"taxonomy":"post_tag","embeddable":true,"href":"https:\/\/centralmedia.rs\/index.php\/wp-json\/wp\/v2\/tags?post=35588"}],"curies":[{"name":"wp","href":"https:\/\/api.w.org\/{rel}","templated":true}]}}