{"id":35599,"date":"2023-07-15T19:09:05","date_gmt":"2023-07-15T17:09:05","guid":{"rendered":"http:\/\/centralmedia.rs\/?p=35599"},"modified":"2023-07-17T23:44:12","modified_gmt":"2023-07-17T21:44:12","slug":"grkinic-jovanovic-izneo-niz-neistina","status":"publish","type":"post","link":"https:\/\/centralmedia.rs\/index.php\/2023\/07\/15\/grkinic-jovanovic-izneo-niz-neistina\/","title":{"rendered":"GRKINI\u0106: Jovanovi\u0107 izneo niz neistina"},"content":{"rendered":"<p>Prvi \u010dovek Demokratske stranke u Jagodini Petar Jovanovi\u0107 Pegi izneo je niz neistina prilkom njegovog dana\u0161njeg gostovanja na televiziji N1\u201c, rekao je glavni i odgovorni urednik televizije Palma plus Stevo Grkini\u0107, a jedna od njih je, kako je kazao, da je Jagodina zarobljen grad i da su mediji svi u Jagodini zarobljeni. Priloge sa svih protesta i protestnih \u0161etnji dela opozicije u Jagodini, emitovale su sve televizije, koje emituju svoj program iz Jagodine, uklju\u010duju\u0107i i televiziju Palma plus, kao i delove izlaganja govornika na tim protestima. Televizija na kojoj je Jovanovi\u0107 danas gostovao ima svog glavnog urednika i svoj ure\u0111iva\u010dki kolegijum i oni donose odluke \u0161ta \u0107e i u kojoj meri emitovati i to im pravo niko ne mo\u017ee osporiti, niti se iko mo\u017ee u njihov posao me\u0161ati. Ali to isto va\u017ei za sve druge televizije i u Srbiji i u svetu. U zemljama Evropske unije razni protesti su svakodnevna pojava i u Londonu i u Kopenhagenu i u Berlinu i u Rimu i u Be\u010du, u mnogim drugim gradovima u \u0161to sam se li\u010dno uverio. Na mnogim mestima de\u0161ava se da zbog ne\u010dega protestuje desetak ljudi, ali to nigde u Evropi nije doga\u0111aj kojima se bave mediji. Pravo ljudi je da zbog ne\u010dega protestuju, odnosno da izraze svoje nezadovoljstvo iz nekih razloga, ali kada u gradu koji ukupno ima 70.000 ljudi, kao \u0161to je teritorija grada Jagodina, protestuje njih desetak, to nigde u Evropi nije doga\u0111aj kojim \u0107e se baviti mediji. To mo\u017eete da pitate bilo kog urednika i novinara u Evropi. Ili ako se ve\u0107 bavi time, onda to ide u informativnim emisijama 30 \u2013 ak sekundi kao vest. Televizija Palma plus je emitovala priloge sa svih dosada\u0161njih protesta u Jagodini pod nazivom \u201eJagodina protiv nasilja\u201c, a bilo ih je slovom i brojem 3, iako je broj u\u010desnika na tim protestima iz Jagodine bio prakti\u010dno minoran. \u201eDefinicija demokratije ka\u017ee da se radi o politi\u010dkoj orjentaciji koja favorizuje vladu naroda, odnosno izabranih predstavnika naroda, a vi gospodine Jovanovi\u0107u prevedite tu definiciju na srpski\u201c, zaklju\u010dio je glavni i odgovorni urednik TV Palma plus Stevo Grkini\u0107.<\/p>\n","protected":false},"excerpt":{"rendered":"<p>Prvi \u010dovek Demokratske stranke u Jagodini Petar Jovanovi\u0107 Pegi izneo je niz neistina prilkom njegovog dana\u0161njeg gostovanja na televiziji N1\u201c, rekao je glavni i odgovorni &hellip; <\/p>\n","protected":false},"author":2,"featured_media":35600,"comment_status":"open","ping_status":"open","sticky":false,"template":"","format":"standard","meta":{"footnotes":""},"categories":[1524,2,1514,5643,13,887,12],"tags":[6265,6227,6266],"_links":{"self":[{"href":"https:\/\/centralmedia.rs\/index.php\/wp-json\/wp\/v2\/posts\/35599"}],"collection":[{"href":"https:\/\/centralmedia.rs\/index.php\/wp-json\/wp\/v2\/posts"}],"about":[{"href":"https:\/\/centralmedia.rs\/index.php\/wp-json\/wp\/v2\/types\/post"}],"author":[{"embeddable":true,"href":"https:\/\/centralmedia.rs\/index.php\/wp-json\/wp\/v2\/users\/2"}],"replies":[{"embeddable":true,"href":"https:\/\/centralmedia.rs\/index.php\/wp-json\/wp\/v2\/comments?post=35599"}],"version-history":[{"count":1,"href":"https:\/\/centralmedia.rs\/index.php\/wp-json\/wp\/v2\/posts\/35599\/revisions"}],"predecessor-version":[{"id":35601,"href":"https:\/\/centralmedia.rs\/index.php\/wp-json\/wp\/v2\/posts\/35599\/revisions\/35601"}],"wp:featuredmedia":[{"embeddable":true,"href":"https:\/\/centralmedia.rs\/index.php\/wp-json\/wp\/v2\/media\/35600"}],"wp:attachment":[{"href":"https:\/\/centralmedia.rs\/index.php\/wp-json\/wp\/v2\/media?parent=35599"}],"wp:term":[{"taxonomy":"category","embeddable":true,"href":"https:\/\/centralmedia.rs\/index.php\/wp-json\/wp\/v2\/categories?post=35599"},{"taxonomy":"post_tag","embeddable":true,"href":"https:\/\/centralmedia.rs\/index.php\/wp-json\/wp\/v2\/tags?post=35599"}],"curies":[{"name":"wp","href":"https:\/\/api.w.org\/{rel}","templated":true}]}}