{"id":35605,"date":"2023-07-15T19:25:38","date_gmt":"2023-07-15T17:25:38","guid":{"rendered":"http:\/\/centralmedia.rs\/?p=35605"},"modified":"2023-07-17T23:44:28","modified_gmt":"2023-07-17T21:44:28","slug":"reagovanje-kluba-novinara-pomoravlja-stop-nasilju-nad-novinarima","status":"publish","type":"post","link":"https:\/\/centralmedia.rs\/index.php\/2023\/07\/15\/reagovanje-kluba-novinara-pomoravlja-stop-nasilju-nad-novinarima\/","title":{"rendered":"REAGOVANJE KLUBA NOVINARA POMORAVLJA &#8211; STOP NASILJU NAD NOVINARIMA"},"content":{"rendered":"<p>Povodom gostovanja istaknutog \u010dlana jagodinskog \u00a0DS Petra Jovanovi\u0107a na N1 i la\u017ei o medijima koje je ponovo izgovorio javno pred vi\u0161emilionskim auditorijumom Evrope i Srbije, targetiraju\u0107i ih i prete\u0107i podse\u0107aju\u0107i zaposlene u jagodinskim medijima na ubistvo novinara Milana Panti\u0107a, Klub novinara Pomoravlja upu\u0107uje protest Demokratskoj stranci i poziva nadle\u017ene institucije MUP Srbija i Republi\u010dko javno tu\u017eila\u0161tvo da hitno i bez ustezanja reaguju \u00a0zbog ugro\u017eavanja bezbednosti novinara u Jagodini. Pod Jovanovi\u0107evim liderstvom, DS u Jagodini je tokom juna ugro\u017eavala bezbednost novinara i medija, jer ih je la\u017eima, govorom mr\u017enje i li\u010dne netrpeljivosti, targetirala kao la\u017ene, megafone, upotrebljavaju\u0107i najgrublji re\u010dnik ulice. Sada je to pro\u0161ireno na sve novinare i medije u Jagodini.<\/p>\n<p>Zbog takvog narativa Jovanovi\u0107a i DS iz Jagodine, njihovi kerberi i sledbenici uputili su dikretne pretnje novinarima preko dru\u0161tevnih mre\u017ea. Oni motivi\u0161u nasilnike i siled\u017eije iz svojih redova da pi\u0161u po dru\u0161tvenim mre\u017eama da bi ,,voleli da novinare ubace u neki ring i da ih isevaju pesnicama\u201c ili \u0161ire mr\u017enju i bulinguju ,,Fuj bem ti budale, ko bajgi novinari\u201c.<\/p>\n<p>Novinari su prethodno podneli krivi\u010dne prijave protiv Jovanovi\u0107a, zastupnice DS Maje Radoji\u010di\u0107 i \u010dlanova IO GrO Jagodina zbog ugro\u017eavanja bezbednosti, targetiranja, proganjanja, etiketiranja, govora mr\u017enje i hajke, odnosno bulingovanja, preko dru\u0161tvnih mre\u017ea.<\/p>\n<p>Ovaj nastavak Jovanovi\u0107evog ugro\u017eavanja bezbednosti novinara, pra\u0107en je od njegovih sledbenika direktnim pretnjama fizi\u010dkim nasiljem. On je u emisiji na N1 pomenuo ubistvo novinara Milana Panti\u0107a, upore\u0111uju\u0107i svoj rad sa njegovim, a zapravo je, kako su novinari shvatili, uputio krvavu poruku novinarima i medijima da \u0107e pro\u0107i kao Panti\u0107 ukoliko ne slu\u0161aju njegova nare\u0111enja. Jovanovi\u0107 je bio gradona\u010delnik Jagodine u vreme ubistva Panti\u0107a 11. Juna 2001 i nije podneo ostavku, niti je ose\u0107ao odgovornost zbog brutalne likvidacije. Komisija za istra\u017eivanje ubistva novinara po re\u010dima predsednika Verana Mati\u0107a do\u0161la je do saznanja da je Panti\u0107evo ubistvo inspirisano (ili motivisano) iz vrha tada\u0161nje vlasti kojoj je Jovanovi\u0107 defakto pripadao. On nikada nije bio na grobu Panti\u0107a, ali se ove godine pojavio sa predsednicom lokalnog DS Majom Radoji\u010di\u0107 na pomenu brutalno i nerazumno zloupotrebljavaju\u0107i tu situaciju za skretanje medijske pa\u017enje i promociju politi\u010dkih poruka.<\/p>\n<p>Jasna nam je njegova pozicija jer je posle 20 godina kabadahijskog \u0161efovanja izgubio radno mesto u Muzeju naivne i marginalne umetnosti, on neka objasni, ako sme, zbog \u010dega je dobio otkaz, i sada \u010dini sve da politizuje tu pri\u010du u is\u010dekivanju optu\u017enice za njega i njegove saradnike koja je vezana za te\u0161ke zloupotrebe. Koristi se najgrubljim la\u017eima u cilju da od sebe napravi \u017ertvu i dobije \u0161to bolje mesto na listi za poslanike kako bi se \u0161titio imunitetom od odgovornosti. Treba re\u0107i da i njemu i njegovim saradnicima iz MNMU, SNS i Palma nisu ,,smetali\u201c do avgusta 2021. godine, dakle punih 20 godina Palmine ili 9 godina dr\u017eavne vlasti SNS. Naprotiv hvalili su dr\u017eavnu i lokalnu vlast, kao i jagodinske medije. Nisu bili negativni prema loklanim medijima, naprotiv.<\/p>\n<p>Uprava KNP<\/p>\n","protected":false},"excerpt":{"rendered":"<p>Povodom gostovanja istaknutog \u010dlana jagodinskog \u00a0DS Petra Jovanovi\u0107a na N1 i la\u017ei o medijima koje je ponovo izgovorio javno pred vi\u0161emilionskim auditorijumom Evrope i Srbije, &hellip; <\/p>\n","protected":false},"author":2,"featured_media":35606,"comment_status":"open","ping_status":"open","sticky":false,"template":"","format":"standard","meta":{"footnotes":""},"categories":[1524,20,2,1514,5643,887,12],"tags":[6228,524,6267],"_links":{"self":[{"href":"https:\/\/centralmedia.rs\/index.php\/wp-json\/wp\/v2\/posts\/35605"}],"collection":[{"href":"https:\/\/centralmedia.rs\/index.php\/wp-json\/wp\/v2\/posts"}],"about":[{"href":"https:\/\/centralmedia.rs\/index.php\/wp-json\/wp\/v2\/types\/post"}],"author":[{"embeddable":true,"href":"https:\/\/centralmedia.rs\/index.php\/wp-json\/wp\/v2\/users\/2"}],"replies":[{"embeddable":true,"href":"https:\/\/centralmedia.rs\/index.php\/wp-json\/wp\/v2\/comments?post=35605"}],"version-history":[{"count":1,"href":"https:\/\/centralmedia.rs\/index.php\/wp-json\/wp\/v2\/posts\/35605\/revisions"}],"predecessor-version":[{"id":35607,"href":"https:\/\/centralmedia.rs\/index.php\/wp-json\/wp\/v2\/posts\/35605\/revisions\/35607"}],"wp:featuredmedia":[{"embeddable":true,"href":"https:\/\/centralmedia.rs\/index.php\/wp-json\/wp\/v2\/media\/35606"}],"wp:attachment":[{"href":"https:\/\/centralmedia.rs\/index.php\/wp-json\/wp\/v2\/media?parent=35605"}],"wp:term":[{"taxonomy":"category","embeddable":true,"href":"https:\/\/centralmedia.rs\/index.php\/wp-json\/wp\/v2\/categories?post=35605"},{"taxonomy":"post_tag","embeddable":true,"href":"https:\/\/centralmedia.rs\/index.php\/wp-json\/wp\/v2\/tags?post=35605"}],"curies":[{"name":"wp","href":"https:\/\/api.w.org\/{rel}","templated":true}]}}