{"id":35627,"date":"2023-07-17T23:35:43","date_gmt":"2023-07-17T21:35:43","guid":{"rendered":"http:\/\/centralmedia.rs\/?p=35627"},"modified":"2023-07-20T09:29:01","modified_gmt":"2023-07-20T07:29:01","slug":"repertoar-koncerata-u-jagodini","status":"publish","type":"post","link":"https:\/\/centralmedia.rs\/index.php\/2023\/07\/17\/repertoar-koncerata-u-jagodini\/","title":{"rendered":"REPERTOAR KONCERATA U JAGODINI"},"content":{"rendered":"<p>JAGODINA- SEVDAH ROCK CONNECTION, sreda 19. jul u 21 sat, Gradski trg u Jagodini. LETNJA SCENA U POTOKU &#8211; petak 21 jul u 21 sat Velika narodna igrancka Sne\u017eana Babi\u0107 Sneki i orkestar Joce Stri\u017eanca, subota 22 jul 21 sat koncert Duo kalem.<\/p>\n","protected":false},"excerpt":{"rendered":"<p>JAGODINA- SEVDAH ROCK CONNECTION, sreda 19. jul u 21 sat, Gradski trg u Jagodini. LETNJA SCENA U POTOKU &#8211; petak 21 jul u 21 sat &hellip; <\/p>\n","protected":false},"author":2,"featured_media":35628,"comment_status":"open","ping_status":"open","sticky":false,"template":"","format":"standard","meta":{"footnotes":""},"categories":[1524,2,1514,5643,23,887,3055],"tags":[58,1091,2683],"_links":{"self":[{"href":"https:\/\/centralmedia.rs\/index.php\/wp-json\/wp\/v2\/posts\/35627"}],"collection":[{"href":"https:\/\/centralmedia.rs\/index.php\/wp-json\/wp\/v2\/posts"}],"about":[{"href":"https:\/\/centralmedia.rs\/index.php\/wp-json\/wp\/v2\/types\/post"}],"author":[{"embeddable":true,"href":"https:\/\/centralmedia.rs\/index.php\/wp-json\/wp\/v2\/users\/2"}],"replies":[{"embeddable":true,"href":"https:\/\/centralmedia.rs\/index.php\/wp-json\/wp\/v2\/comments?post=35627"}],"version-history":[{"count":1,"href":"https:\/\/centralmedia.rs\/index.php\/wp-json\/wp\/v2\/posts\/35627\/revisions"}],"predecessor-version":[{"id":35629,"href":"https:\/\/centralmedia.rs\/index.php\/wp-json\/wp\/v2\/posts\/35627\/revisions\/35629"}],"wp:featuredmedia":[{"embeddable":true,"href":"https:\/\/centralmedia.rs\/index.php\/wp-json\/wp\/v2\/media\/35628"}],"wp:attachment":[{"href":"https:\/\/centralmedia.rs\/index.php\/wp-json\/wp\/v2\/media?parent=35627"}],"wp:term":[{"taxonomy":"category","embeddable":true,"href":"https:\/\/centralmedia.rs\/index.php\/wp-json\/wp\/v2\/categories?post=35627"},{"taxonomy":"post_tag","embeddable":true,"href":"https:\/\/centralmedia.rs\/index.php\/wp-json\/wp\/v2\/tags?post=35627"}],"curies":[{"name":"wp","href":"https:\/\/api.w.org\/{rel}","templated":true}]}}