{"id":35630,"date":"2023-07-17T23:39:05","date_gmt":"2023-07-17T21:39:05","guid":{"rendered":"http:\/\/centralmedia.rs\/?p=35630"},"modified":"2023-07-20T09:29:13","modified_gmt":"2023-07-20T07:29:13","slug":"obavestenje-o-restrikciji-vode-18-i-19-jula-u-despotovcu","status":"publish","type":"post","link":"https:\/\/centralmedia.rs\/index.php\/2023\/07\/17\/obavestenje-o-restrikciji-vode-18-i-19-jula-u-despotovcu\/","title":{"rendered":"OBAVE\u0160TENjE O RESTRIKCIJI VODE 18. I 19. JULA U DESPOTOVCU"},"content":{"rendered":"<p>Usled prevelike potro\u0161nje vode za pi\u0107e, zbog visokih temperatura i delom nenamenskog kori\u0161\u0107enja od strane potro\u0161a\u010da, a u cilju za\u0161tite izvori\u0161ta \u201eToplik\u201c, KSP \u201eStan\u201c JP Despotovac je prinu\u0111en da uvede mere restrikcije potro\u0161nje vode po slede\u0107em raspored<\/p>\n<p>&#8211; 18.07.2023 u periodu od 09.00 \u00a0do 15.00 \u00a0bi\u0107e isklju\u010deni potro\u0161a\u010di vode:<\/p>\n<ol>\n<li>Rudni\u010dka, Moravska, S. Kova\u010devi\u0107a i Brest.<\/li>\n<\/ol>\n<p>&#8211; 18.07.2023 u periodu od 15.00 do 21.00 \u00a0bi\u0107e isklju\u010deni potro\u0161a\u010di vode<\/p>\n<p>u Vitancu, Tru\u0107evcu i Balajncu.<\/p>\n<p>&#8211; 19.07.2023 u periodu od 09.00 \u00a0do 15.00 \u00a0bi\u0107e isklju\u010deni potro\u0161a\u010di vode:<\/p>\n<p>u Vitancu, Tru\u0107evcu i Balajncu<\/p>\n<p>&#8211; 19.07.2023 u periodu od 15.00 \u00a0do 21.00 \u00a0bi\u0107e isklju\u010deni potro\u0161a\u010di vode:<\/p>\n<ol>\n<li>Rudni\u010dka, Moravska, S. Kova\u010devi\u0107a i Brest.<\/li>\n<\/ol>\n<p>&#8211; 20.07.2023 u periodu od 09.00 do 15.00 bi\u0107e isklju\u010deni potro\u0161a\u010di vode:<\/p>\n<ol>\n<li>Rudni\u010dka, Moravska, S. Kova\u010devi\u0107a i Brest.<\/li>\n<\/ol>\n<p>&#8211; 20.07.2023 u periodu od 15.00 \u00a0do 21.00 bi\u0107e isklju\u010deni potro\u0161a\u010di vode:<\/p>\n<p>u Vitancu, Tru\u0107evcu i Balajncu.<\/p>\n<p>Punjenje rezervoara vodom, kada se isklju\u010duju svi potro\u0161a\u010di, bi\u0107e svaki dan u toku no\u0107i u periodu od 02.00 \u00a0do 06.00 \u010d.<\/p>\n<p>Molimo cenjene potro\u0161a\u010de vode za razumevanje zbog navedenih isklju\u010denja vode, koja su neophodna zbog stabilizacije snabdevanja vodom zbog ekstremno visokih temperatura i ponovo molimo gra\u0111ane za racionalnu potro\u0161nju vode, kako bi svi korisnici mogli da koriste vodu do stabilizacije potro\u0161nje.<\/p>\n","protected":false},"excerpt":{"rendered":"<p>Usled prevelike potro\u0161nje vode za pi\u0107e, zbog visokih temperatura i delom nenamenskog kori\u0161\u0107enja od strane potro\u0161a\u010da, a u cilju za\u0161tite izvori\u0161ta \u201eToplik\u201c, KSP \u201eStan\u201c JP &hellip; <\/p>\n","protected":false},"author":2,"featured_media":33302,"comment_status":"open","ping_status":"open","sticky":false,"template":"","format":"standard","meta":{"footnotes":""},"categories":[1518,5786,1524,2,887,16,12],"tags":[51,6269],"_links":{"self":[{"href":"https:\/\/centralmedia.rs\/index.php\/wp-json\/wp\/v2\/posts\/35630"}],"collection":[{"href":"https:\/\/centralmedia.rs\/index.php\/wp-json\/wp\/v2\/posts"}],"about":[{"href":"https:\/\/centralmedia.rs\/index.php\/wp-json\/wp\/v2\/types\/post"}],"author":[{"embeddable":true,"href":"https:\/\/centralmedia.rs\/index.php\/wp-json\/wp\/v2\/users\/2"}],"replies":[{"embeddable":true,"href":"https:\/\/centralmedia.rs\/index.php\/wp-json\/wp\/v2\/comments?post=35630"}],"version-history":[{"count":1,"href":"https:\/\/centralmedia.rs\/index.php\/wp-json\/wp\/v2\/posts\/35630\/revisions"}],"predecessor-version":[{"id":35631,"href":"https:\/\/centralmedia.rs\/index.php\/wp-json\/wp\/v2\/posts\/35630\/revisions\/35631"}],"wp:featuredmedia":[{"embeddable":true,"href":"https:\/\/centralmedia.rs\/index.php\/wp-json\/wp\/v2\/media\/33302"}],"wp:attachment":[{"href":"https:\/\/centralmedia.rs\/index.php\/wp-json\/wp\/v2\/media?parent=35630"}],"wp:term":[{"taxonomy":"category","embeddable":true,"href":"https:\/\/centralmedia.rs\/index.php\/wp-json\/wp\/v2\/categories?post=35630"},{"taxonomy":"post_tag","embeddable":true,"href":"https:\/\/centralmedia.rs\/index.php\/wp-json\/wp\/v2\/tags?post=35630"}],"curies":[{"name":"wp","href":"https:\/\/api.w.org\/{rel}","templated":true}]}}