{"id":35654,"date":"2023-07-20T01:13:37","date_gmt":"2023-07-19T23:13:37","guid":{"rendered":"http:\/\/centralmedia.rs\/?p=35654"},"modified":"2023-07-27T14:53:30","modified_gmt":"2023-07-27T12:53:30","slug":"palma-glasacemo-za-sve-tacke-dnevnog-reda-slavica-dukic-dejanovic-je-najbolji-izbor-za-ministra-prosvete-u-vreme-ludila-drustvenih-mreza","status":"publish","type":"post","link":"https:\/\/centralmedia.rs\/index.php\/2023\/07\/20\/palma-glasacemo-za-sve-tacke-dnevnog-reda-slavica-dukic-dejanovic-je-najbolji-izbor-za-ministra-prosvete-u-vreme-ludila-drustvenih-mreza\/","title":{"rendered":"PALMA : GLASA\u0106EMO ZA SVE TA\u010cKE DNEVNOG REDA. SLAVICA \u0110UKI\u0106 DEJANOVI\u0106 JE NAJBOLJI IZBOR ZA MINISTRA PROSVETE U VREME LUDILA DRU\u0160TVENIH MRE\u017dA"},"content":{"rendered":"<p>\u201cJedinstvena Srbija \u0107e glasati za sve predlo\u017eene ta\u010dke dnevnog reda i to nisu zakoni zbog politi\u010dkih poena i svi donose korist i gra\u0111anima Srbije i dr\u017eavi Srbiji. Posebno je va\u017ean Zakon o ozakonjenju kojim \u0107e ljudi koji nisu mogli da ozakone svoje objekte, sada ne moraju da \u010dekaju ni Detaljni urbanisti\u010dki plan ni generalni urbanisti\u010dki plan i sada \u0107e mo\u0107i da se priklju\u010de o na struju i na gas i na vodu. Mnoge porodice se \u0161ire, ra\u0111aju se deca i taj zakona je koristan za sve takve porodice, a u svakom gradu ili op\u0161tini ima od 10 do 15 posto takvih objekata. Dodela 10 000 dinara deci do 16 godina tako\u0111e je korisno i to je pozitivno iznena\u0111enje. Ja to radim ve\u0107 godinama u Jagodini i zato i Jedinstvena Srbija i SPS podr\u017eavaju ono \u0161to radi Aleksandar Vu\u010di\u0107\u201d, rekao je predsednik i \u0161ef poslani\u010dke grupe Jedinstvene Srbije Dragan Markovi\u0107 Palma tokom rasprave u Skup\u0161tini Srbije dodav\u0161i da je Slavica \u0110uki\u0107 Dejanovi\u0107 pravi izbor za ministra prosvete Srbije jer, kako je kazao, ona je najbolji izbor u aktuelnom vremenu ludila dru\u0161tvenih mre\u017ea, zbog svog iskustva i zbog svoje profesionalnosti.<\/p>\n<p>SPS JE KAO NOVAK \u0110OKOVI\u0106, \u0160TO STARIJI TO BOLJI<\/p>\n<p>\u201cNeki su ovde u Skup\u0161tini kritikovali SPS koji je obele\u017eio 33 godine postojanja. Socijalisti\u010dka partija Srbije je kao Novak \u0110okovi\u0107, \u0161to starija to bolja. Od izbora do izbora SPS i na\u0161a koalicija SPS \u2013 Jedinstvena Srbija ima sve vi\u0161e glasova gra\u0111ana Srbije I na\u0161a koalicija ima veoma dobru saradnju sa Srpskom naprednom strankom. Ovde neki iz opozicije ho\u0107e bez glasova gra\u0111ana direktno da u\u0111u u ministarske fotelje. U fotelje ne uvode ni Vu\u010di\u0107 ni Da\u010di\u0107 ni Palma, ve\u0107 gra\u0111ani Srbije na izborima na osnovu rezultata i programa. Ti iz opzicije koji bi hteli na minstarske funkcije su kao ona publika koja uleti na stadion, odnosno na teren. To \u0161to radi Ivica Da\u010di\u0107 je zanat, to ne pi\u0161e ni u jednoj knjizi, to je njegovo iskustvo u me\u0111unarodnim odnosima i zahvaljuju\u0107i Da\u010di\u0107u i predsedniku Vu\u010di\u0107u je prvo 18 dr\u017eava povuklo priznanje takozvanog nezavisnog Kosova, a kasnije jo\u0161 10.\u201d, kazao je Dragan Markovi\u0107 Palma.<\/p>\n<p>RODITELJI UBIJENE DECE SU OGOR\u010cENI OSNIVANJEM ANKETNOG ODBORA<\/p>\n<p>\u201cDa li se znali da su roditelji ubijene dece ogor\u010deni na osnovanje Anketnog odbora. Dajte da sudski organi, policija, tu\u017eila\u0161tvo ka\u017eu \u0161ta imaju da ka\u017eu, a onda da vidimo da li je bio problem u institucijama. \u0160ta \u0107emo mi da zovemo tu\u017eioca na raport. Dva meseca smo raspravljali o toj temi u Skup\u0161tini Srbije i sad jo\u0161 Anketni odbor, Zbog toga je Jedinstvena Srbija bila protiv imenovanja predsednika Anketnog odbora, a SPS je bio uzdr\u017ean\u201d, rekao je Markovi\u0107.<\/p>\n<p>ZEMLJORADNI\u010cKE ZADRUGE SU UNI\u0160TILE POLJOPRIVREDNOG PROZIVO\u0110A\u010cA<\/p>\n<p>\u201cZemljoradni\u010dke zadruge su nekada radile kada nije bilo interneta i one su tada uni\u0161tile poljoprivrednog proizvo\u0111a\u010da. Svojevremeno su poljoprivredni prozivo\u0111a\u010di u centralnoj Srbiji predavali \u0161e\u0107ernu repu \u0161e\u0107erani u \u0106upriji, a posrednik je bila zemljoradni\u010dka zadruga i kada \u0160e\u0107erana nije platila poljoprivrednicima i tako je 5 000 poljoprivrednika ostalo bez beri\u0107eta. A danas kada postoji internet gde se mo\u017ee videti sve ko i \u0161ta kupuje i ko i \u0161ta prodaje, zemljoradni\u010dka zadruga nije neophodna i takve zadruge su bile \u0161tetne. Danas je bitno kako pomo\u0107i poljoprivednim prozivo\u0111a\u010dima koji su imali veliku \u0161tetu tokom elementarnih nepogoda u vidu poplava i sada poljoprivrednici koji su sejali p\u0161enicu umesto 6, 6 i po tona po hektaru kako je nekada bilo, danas imaju 4 tone po hektaru i sa malim procentom hlebnosti\u201d, izjavio je Dragan Markovi\u0107 Palma.<\/p>\n","protected":false},"excerpt":{"rendered":"<p>\u201cJedinstvena Srbija \u0107e glasati za sve predlo\u017eene ta\u010dke dnevnog reda i to nisu zakoni zbog politi\u010dkih poena i svi donose korist i gra\u0111anima Srbije i &hellip; <\/p>\n","protected":false},"author":2,"featured_media":35655,"comment_status":"open","ping_status":"open","sticky":false,"template":"","format":"standard","meta":{"footnotes":""},"categories":[1524,2,1514,5643,13,887,12],"tags":[120,1293],"_links":{"self":[{"href":"https:\/\/centralmedia.rs\/index.php\/wp-json\/wp\/v2\/posts\/35654"}],"collection":[{"href":"https:\/\/centralmedia.rs\/index.php\/wp-json\/wp\/v2\/posts"}],"about":[{"href":"https:\/\/centralmedia.rs\/index.php\/wp-json\/wp\/v2\/types\/post"}],"author":[{"embeddable":true,"href":"https:\/\/centralmedia.rs\/index.php\/wp-json\/wp\/v2\/users\/2"}],"replies":[{"embeddable":true,"href":"https:\/\/centralmedia.rs\/index.php\/wp-json\/wp\/v2\/comments?post=35654"}],"version-history":[{"count":1,"href":"https:\/\/centralmedia.rs\/index.php\/wp-json\/wp\/v2\/posts\/35654\/revisions"}],"predecessor-version":[{"id":35656,"href":"https:\/\/centralmedia.rs\/index.php\/wp-json\/wp\/v2\/posts\/35654\/revisions\/35656"}],"wp:featuredmedia":[{"embeddable":true,"href":"https:\/\/centralmedia.rs\/index.php\/wp-json\/wp\/v2\/media\/35655"}],"wp:attachment":[{"href":"https:\/\/centralmedia.rs\/index.php\/wp-json\/wp\/v2\/media?parent=35654"}],"wp:term":[{"taxonomy":"category","embeddable":true,"href":"https:\/\/centralmedia.rs\/index.php\/wp-json\/wp\/v2\/categories?post=35654"},{"taxonomy":"post_tag","embeddable":true,"href":"https:\/\/centralmedia.rs\/index.php\/wp-json\/wp\/v2\/tags?post=35654"}],"curies":[{"name":"wp","href":"https:\/\/api.w.org\/{rel}","templated":true}]}}