{"id":35679,"date":"2023-07-21T00:40:12","date_gmt":"2023-07-20T22:40:12","guid":{"rendered":"http:\/\/centralmedia.rs\/?p=35679"},"modified":"2023-07-27T14:52:36","modified_gmt":"2023-07-27T12:52:36","slug":"jagodinska-aida-okupljanja-na-antisrpskim-steroidima","status":"publish","type":"post","link":"https:\/\/centralmedia.rs\/index.php\/2023\/07\/21\/jagodinska-aida-okupljanja-na-antisrpskim-steroidima\/","title":{"rendered":"JAGODINSKA AIDA &#8211; OKUPLJANJA NA ANTISRPSKIM STEROIDIMA"},"content":{"rendered":"<p>JAGODINA- Opoziociona okupljanja petkom u Jagodini, koje je privatizovala DS, ni iz \u010detvrtog poku\u0161aja nisu dala bolji rezultat od nekoliko desetina pristunih. Ovog puta gost je bila poznata antisrpska \u00a0aktivistkinja Aida \u0106orovi\u0107, \u0161to \u010dak ni desni\u010dare nije navelo na zna\u010dajniju reakciju, sem po dru\u0161tvenim mre\u017eama, iako je to bio cilj i da se po\u0161alje negativna slika Jagodine.<\/p>\n<p><img loading=\"lazy\" decoding=\"async\" class=\"alignnone wp-image-35681 size-large\" src=\"http:\/\/centralmedia.rs\/wp-content\/uploads\/2023\/07\/21.7.-1024x981.jpg\" alt=\"\" width=\"640\" height=\"613\" srcset=\"https:\/\/centralmedia.rs\/wp-content\/uploads\/2023\/07\/21.7.-1024x981.jpg 1024w, https:\/\/centralmedia.rs\/wp-content\/uploads\/2023\/07\/21.7.-300x287.jpg 300w, https:\/\/centralmedia.rs\/wp-content\/uploads\/2023\/07\/21.7.-768x736.jpg 768w, https:\/\/centralmedia.rs\/wp-content\/uploads\/2023\/07\/21.7.-439x420.jpg 439w, https:\/\/centralmedia.rs\/wp-content\/uploads\/2023\/07\/21.7.-640x613.jpg 640w, https:\/\/centralmedia.rs\/wp-content\/uploads\/2023\/07\/21.7.-681x652.jpg 681w, https:\/\/centralmedia.rs\/wp-content\/uploads\/2023\/07\/21.7..jpg 1350w\" sizes=\"(max-width: 640px) 100vw, 640px\" \/><\/p>\n<p>Tzv. aktivistkinja za ljudska prava \u00a0Aida \u0106orovi\u0107 koja se proslavila ga\u0111aju\u0107i \u00a0jajima mural generala Ratka Mladi\u0107a, dok \u00a0o spomen tabli zlo\u010dincu A\u0107ifu Efendiji u njenom rodnom Novom Pazaru ni re\u010di nije prozborila, po njoj je Srbija fa\u0161isti\u010dko dru\u0161tvo, Republika Srpska genocidna tvorevina, a svo zlo na ovim prostorima po\u010delo pre tri decenije u Srbiji i sada se vra\u0107a &#8211; aludiraju\u0107i na masakre u Ribnikaru i Mladenovcu\u2026.<\/p>\n<p>Ova ,,mirovna\u201d aktivistkinja bila je anga\u017eovana u Beogradskom krugu, Centru za antiratnu akciju i organizaciji \u017dene u crnom\u201c, politi\u010dki je stasavala u GSS i SDU, ina\u010de \u010dlanice DOS u tom periodu, a kao narodna poslanica na listi DS 2014-16.<\/p>\n<p>\u0106orovi\u0107eva je poznata po kritikovanju\u00a0Srpske pravoslavne crkve, zahtevaju\u0107i da pla\u0107a porez, izmi\u0161ljenim pri\u010dama o navodnoj pedofiliji\u2026. Druge verske zajednice za nju evidentno ne postoje ili su po njenim merilima, odnosno bezgre\u0161ene kao i ona.<\/p>\n<p>Posebno mesto u agendi \u0106orovi\u0107 imaju \u201czlo\u010dini srpskih vojnika nad Bo\u0161njacima u Bosni i Hercegovini\u201d, to ona potencira na dru\u0161tvenim mre\u017eama. Ali zlo\u010dini nad Srbima u BIH i Hrvatskoj, sa druge strane, za nju su nevidljivi, ne postoje. Srpske \u017ertve za nju nemaju suzu.<\/p>\n<p data-wtg-lazy=\"16\">Tzv \u201eborba za ljudska prava\u201c \u00a0\u0106orovi\u0107 uvek se svodi na napadanje svega \u0161to je srpsko. Ona je u\u010desnik protesta protiv Srba i Srbije, \u010dak i protiv otkrivanja spomenika Stefanu Nemanji u Beogradu.<\/p>\n<p>Da li su za moralnu gromadu \u0106orovi\u0107 Srbi ljudi?<\/p>\n","protected":false},"excerpt":{"rendered":"<p>JAGODINA- Opoziociona okupljanja petkom u Jagodini, koje je privatizovala DS, ni iz \u010detvrtog poku\u0161aja nisu dala bolji rezultat od nekoliko desetina pristunih. Ovog puta gost &hellip; <\/p>\n","protected":false},"author":2,"featured_media":35680,"comment_status":"open","ping_status":"open","sticky":false,"template":"","format":"standard","meta":{"footnotes":""},"categories":[1524,2,1514,5643,13,887,12],"tags":[58,6261],"_links":{"self":[{"href":"https:\/\/centralmedia.rs\/index.php\/wp-json\/wp\/v2\/posts\/35679"}],"collection":[{"href":"https:\/\/centralmedia.rs\/index.php\/wp-json\/wp\/v2\/posts"}],"about":[{"href":"https:\/\/centralmedia.rs\/index.php\/wp-json\/wp\/v2\/types\/post"}],"author":[{"embeddable":true,"href":"https:\/\/centralmedia.rs\/index.php\/wp-json\/wp\/v2\/users\/2"}],"replies":[{"embeddable":true,"href":"https:\/\/centralmedia.rs\/index.php\/wp-json\/wp\/v2\/comments?post=35679"}],"version-history":[{"count":6,"href":"https:\/\/centralmedia.rs\/index.php\/wp-json\/wp\/v2\/posts\/35679\/revisions"}],"predecessor-version":[{"id":35707,"href":"https:\/\/centralmedia.rs\/index.php\/wp-json\/wp\/v2\/posts\/35679\/revisions\/35707"}],"wp:featuredmedia":[{"embeddable":true,"href":"https:\/\/centralmedia.rs\/index.php\/wp-json\/wp\/v2\/media\/35680"}],"wp:attachment":[{"href":"https:\/\/centralmedia.rs\/index.php\/wp-json\/wp\/v2\/media?parent=35679"}],"wp:term":[{"taxonomy":"category","embeddable":true,"href":"https:\/\/centralmedia.rs\/index.php\/wp-json\/wp\/v2\/categories?post=35679"},{"taxonomy":"post_tag","embeddable":true,"href":"https:\/\/centralmedia.rs\/index.php\/wp-json\/wp\/v2\/tags?post=35679"}],"curies":[{"name":"wp","href":"https:\/\/api.w.org\/{rel}","templated":true}]}}