{"id":3569,"date":"2016-07-01T09:32:31","date_gmt":"2016-07-01T09:32:31","guid":{"rendered":"http:\/\/centralmedia.rs\/?p=3569"},"modified":"2017-01-20T01:46:34","modified_gmt":"2017-01-20T01:46:34","slug":"leto-2016-u-prirodnjackom-centru-srbije-u-svilajncu-2","status":"publish","type":"post","link":"https:\/\/centralmedia.rs\/index.php\/2016\/07\/01\/leto-2016-u-prirodnjackom-centru-srbije-u-svilajncu-2\/","title":{"rendered":"LETO 2016. U PRIRODNJA\u010cKOM CENTRU SRBIJE U SVILAJNCU"},"content":{"rendered":"<p>Prirodnja\u010dki centar Srbije ovih dana obele\u017eava godinu dana rada u toku kojih je zabele\u017eio 80.000 poseta iz cele zemlje i inostranstva.<br \/>\nOvog leta priprema atraktivnu letnju sezonu, koja obuhvata niz razli\u010ditih radionica i igraonica za najmla\u0111e svakog vikenda tokom jula i avgusta meseca. Naime, leto u Prirodnja\u010dkom po\u010dinje 2. i 3. jula, predstavom za decu Maksina laboratorija, a u toku celog leta svakog vikenda bi\u0107e organizovane razli\u010dite aktivnosti \u2013 karaoke, ma\u0111ioni\u010dari, radionice face painting-a, scenskih borbi, dikcije, frizura, karikatura, a bi\u0107e i puno zanimljivih animatora i predstava. Svi doga\u0111aji bi\u0107e najavljivani na sajtu www.prirodnjackicentar.rs i na Fejsbuk stranici Prirodnja\u010dki centar Srbije.<br \/>\nPosle uspe\u0161ne prole\u0107ne sezone i \u0111a\u010dkih ekskurzija, Prirodnja\u010dki centar Srbije je odlu\u010dio da najmla\u0111ima ponudi aktivan i zanimljiv program za raspust, a roditeljima mogu\u0107nost da u\u017eivaju zajedno sa svojom decom kod nas. Ovog leta smo omogu\u0107ili i svim posetiocima da uz kupljenu ulaznicu za Prirodnja\u010dki centar Srbije mogu besplatno u\u0107i na gradske bazene, gde \u0107e se osve\u017eiti i opustiti.<br \/>\nSvilajnac se nalazi u centralnoj Srbiji, na samo je 6 km od auto-puta E75, u samom srcu Srbije i do nas se lako i brzo dolazi iz bilo kog dela Srbije da kre\u0107ete, jer je udaljenost i od Beograda i od Ni\u0161a oko 100 km.<br \/>\nDirektorka Prirodnja\u010dkog centra Srbije Irena Dubravac ka\u017ee da se i na ovaj na\u010din, bogatom i sadr\u017eajnom letnjom ponudom, ostvaruje osnovni zadatak i misija Prirodnja\u010dkog centra, a to je bavljenje naukom i obrazovanjem:<br \/>\n-Na\u0161a prednost je \u0161to, kako svojim atraktivnim izlo\u017ebama \u010diji su sadr\u017eaji predstavljeni na moderan na\u010din, tako i organizovanjem niza nau\u010dnih skupova, radionica, festivala, \u0161kolskih \u010dasova i takmi\u010denja, nauku \u010dinimo zanimljivom i lakom za razumevanje. Populari\u0161emo nauku kroz sve na\u0161e aktivnosti, \u010dime i doprinosimo razvoju nau\u010dnog turizma. Dosta pa\u017enje posve\u0107eno je koncipiranju samih izlo\u017ebi, njihovom dizajnu i prilago\u0111avanju \u0161iroj populaciji. Na\u0161a misija je da se naukom i bavimo, ne samo da je prezentujemo, ali na na\u010din koji \u0107e biti zanimljiv, prijem\u010div deci, i koji je druga\u010diji od onog u\u010denja u u\u010dionicama i knjigama. Broj od oko 80.000 posetilaca nam pokazuje da je ovo i odli\u010dan turisti\u010dki potencijal, i svakako \u0107emo nastaviti da kroz ovu letnju akciju, ali i brojna iznena\u0111enja i novosti koje nas o\u010dekuju od jeseni, razvijamo nau\u010dni turizam, objasnila je Irena Dubravac.<\/p>\n<p><strong><em>Svilajna\u010dka razglednica \u2013 Projekat se realizuje uz pomo\u0107 sredstava iz bud\u017eeta Op\u0161tine Svilajnac.<\/em><\/strong><\/p>\n","protected":false},"excerpt":{"rendered":"<p>Prirodnja\u010dki centar Srbije ovih dana obele\u017eava godinu dana rada u toku kojih je zabele\u017eio 80.000 poseta iz cele zemlje i inostranstva. Ovog leta priprema atraktivnu &hellip; <\/p>\n","protected":false},"author":4,"featured_media":3570,"comment_status":"open","ping_status":"open","sticky":false,"template":"","format":"standard","meta":{"footnotes":""},"categories":[1524,2,887,16,12,1517],"tags":[925,288,38],"_links":{"self":[{"href":"https:\/\/centralmedia.rs\/index.php\/wp-json\/wp\/v2\/posts\/3569"}],"collection":[{"href":"https:\/\/centralmedia.rs\/index.php\/wp-json\/wp\/v2\/posts"}],"about":[{"href":"https:\/\/centralmedia.rs\/index.php\/wp-json\/wp\/v2\/types\/post"}],"author":[{"embeddable":true,"href":"https:\/\/centralmedia.rs\/index.php\/wp-json\/wp\/v2\/users\/4"}],"replies":[{"embeddable":true,"href":"https:\/\/centralmedia.rs\/index.php\/wp-json\/wp\/v2\/comments?post=3569"}],"version-history":[{"count":0,"href":"https:\/\/centralmedia.rs\/index.php\/wp-json\/wp\/v2\/posts\/3569\/revisions"}],"wp:featuredmedia":[{"embeddable":true,"href":"https:\/\/centralmedia.rs\/index.php\/wp-json\/wp\/v2\/media\/3570"}],"wp:attachment":[{"href":"https:\/\/centralmedia.rs\/index.php\/wp-json\/wp\/v2\/media?parent=3569"}],"wp:term":[{"taxonomy":"category","embeddable":true,"href":"https:\/\/centralmedia.rs\/index.php\/wp-json\/wp\/v2\/categories?post=3569"},{"taxonomy":"post_tag","embeddable":true,"href":"https:\/\/centralmedia.rs\/index.php\/wp-json\/wp\/v2\/tags?post=3569"}],"curies":[{"name":"wp","href":"https:\/\/api.w.org\/{rel}","templated":true}]}}