{"id":35691,"date":"2023-07-21T00:53:07","date_gmt":"2023-07-20T22:53:07","guid":{"rendered":"http:\/\/centralmedia.rs\/?p=35691"},"modified":"2023-07-25T00:53:42","modified_gmt":"2023-07-24T22:53:42","slug":"animatori-u-svilajncu","status":"publish","type":"post","link":"https:\/\/centralmedia.rs\/index.php\/2023\/07\/21\/animatori-u-svilajncu\/","title":{"rendered":"ANIMATORI U SVILAJNCU"},"content":{"rendered":"<p>SVILAJNAC- Kulturno-zabavno leto na Trgu Stevana Sin\u0111eli\u0107a otvorila je sino\u0107 edukativna predstava za decu \u201cMali papagaj\u201d, koju su izveli UV DANCE animatori iz Beograda. Veliki broj mali\u0161ana i njihovih roditelja u\u017eivao je u interakciji sa animatorima, igri, pesmi i dru\u017eenju.<\/p>\n<p>Ve\u0107 28. jula na Trgu je \u00a0koncert folklora AKUD-a \u201cBranko Krsmanovi\u0107\u201d iz Beograda.<\/p>\n<p>&nbsp;<\/p>\n","protected":false},"excerpt":{"rendered":"<p>SVILAJNAC- Kulturno-zabavno leto na Trgu Stevana Sin\u0111eli\u0107a otvorila je sino\u0107 edukativna predstava za decu \u201cMali papagaj\u201d, koju su izveli UV DANCE animatori iz Beograda. Veliki &hellip; <\/p>\n","protected":false},"author":2,"featured_media":35692,"comment_status":"open","ping_status":"open","sticky":false,"template":"","format":"standard","meta":{"footnotes":""},"categories":[1524,2,23,887,1517,5785,3055],"tags":[6273,38],"_links":{"self":[{"href":"https:\/\/centralmedia.rs\/index.php\/wp-json\/wp\/v2\/posts\/35691"}],"collection":[{"href":"https:\/\/centralmedia.rs\/index.php\/wp-json\/wp\/v2\/posts"}],"about":[{"href":"https:\/\/centralmedia.rs\/index.php\/wp-json\/wp\/v2\/types\/post"}],"author":[{"embeddable":true,"href":"https:\/\/centralmedia.rs\/index.php\/wp-json\/wp\/v2\/users\/2"}],"replies":[{"embeddable":true,"href":"https:\/\/centralmedia.rs\/index.php\/wp-json\/wp\/v2\/comments?post=35691"}],"version-history":[{"count":1,"href":"https:\/\/centralmedia.rs\/index.php\/wp-json\/wp\/v2\/posts\/35691\/revisions"}],"predecessor-version":[{"id":35693,"href":"https:\/\/centralmedia.rs\/index.php\/wp-json\/wp\/v2\/posts\/35691\/revisions\/35693"}],"wp:featuredmedia":[{"embeddable":true,"href":"https:\/\/centralmedia.rs\/index.php\/wp-json\/wp\/v2\/media\/35692"}],"wp:attachment":[{"href":"https:\/\/centralmedia.rs\/index.php\/wp-json\/wp\/v2\/media?parent=35691"}],"wp:term":[{"taxonomy":"category","embeddable":true,"href":"https:\/\/centralmedia.rs\/index.php\/wp-json\/wp\/v2\/categories?post=35691"},{"taxonomy":"post_tag","embeddable":true,"href":"https:\/\/centralmedia.rs\/index.php\/wp-json\/wp\/v2\/tags?post=35691"}],"curies":[{"name":"wp","href":"https:\/\/api.w.org\/{rel}","templated":true}]}}