{"id":3572,"date":"2016-07-01T09:43:14","date_gmt":"2016-07-01T09:43:14","guid":{"rendered":"http:\/\/centralmedia.rs\/?p=3572"},"modified":"2017-01-20T01:45:41","modified_gmt":"2017-01-20T01:45:41","slug":"basket-festival-u-svilajncu","status":"publish","type":"post","link":"https:\/\/centralmedia.rs\/index.php\/2016\/07\/01\/basket-festival-u-svilajncu\/","title":{"rendered":"BASKET FESTIVAL U SVILAJNCU"},"content":{"rendered":"<p>Svilajnac\u2013 Sve\u010danom ceremonijom otvaranja zvani\u010dno je po\u010deo dugo o\u010dekivani 3 na 3 turnir u basket pod nazivom ,,3&#215;3 basket festival Svilajnac\u2019\u2019.<br \/>\nNa turniru u\u010destvuje preko 20 ekipa iz razli\u010ditih gradova. Svilajnac je ve\u0107 dugi niz godina bio prepoznatljiv po dobroj organizaciji ,,Basket festivala\u2019\u2019, kao jednog od najbolje organizovanih i najpose\u0107enijih turnira. Posle kaatastrofalnih poplava koje su zadesile ovaj mali gradi\u0107, festival vi\u0161e nije organizovan. Me\u0111utim, grupa mladih ljudi iz volonterske organizacije Svilajnca \u2013 VOS, pod pokroviteljstvom SO Svilajnac i u saradnji sa Ko\u0161arka\u0161kim savezom Srbije uspeli su da dobiju licencu za organizovanje predkvalifikacionog turnira u okviru ,,RODA dr\u017eavnog prvenstva Srbije\u2019\u2019.<br \/>\nPromoteri festivala su Vlada Vukosavljevi\u0107, Aca Mandi\u0107 i Luka An\u0111u\u0161i\u0107.<br \/>\nMandi\u0107 je po\u017eeleo sre\u0107u takmi\u010darima, dok je An\u0111u\u0161i\u0107 podsetio koliko je 3&#215;3 basket va\u017ean i savetovao takmi\u010darima, ali i svim prisutnima da se bave sportom i da ne krenu nekim drugim putem u \u017eivotu.<br \/>\nOva jturnir je tako\u0111e ulep\u0161ala i gimnasti\u010darska sekcija ,,Evita\u2019\u2019.<br \/>\nNajbolje \u010detvoroplasirane ekipe sa 3&#215;3 turnira u Svilajncu plasira\u0107e se na finalni turnir regiona centralne Srbije, gde \u0107e se boriti za mesto na dr\u017eavnom prvenstvu.<br \/>\nZavr\u0161na sve\u010danost i dodela medalja, nagrada i pehara za najuspe\u0161nije takmi\u010dare bi\u0107e odr\u017eana 1.jula naterenima O\u0160 \u2018\u2018Jovan Jovanovi\u0107Zmaj\u2019\u2019.<\/p>\n<p>&nbsp;<\/p>\n<p><strong><em>Svilajna\u010dka razglednica \u2013 Projekat se realizuje uz pomo\u0107 sredstava iz bud\u017eeta Op\u0161tine Svilajnac.<\/em><\/strong><\/p>\n","protected":false},"excerpt":{"rendered":"<p>Svilajnac\u2013 Sve\u010danom ceremonijom otvaranja zvani\u010dno je po\u010deo dugo o\u010dekivani 3 na 3 turnir u basket pod nazivom ,,3&#215;3 basket festival Svilajnac\u2019\u2019. Na turniru u\u010destvuje preko &hellip; <\/p>\n","protected":false},"author":4,"featured_media":3573,"comment_status":"open","ping_status":"open","sticky":false,"template":"","format":"standard","meta":{"footnotes":""},"categories":[1515,1524,2,887,21],"tags":[927,926,38],"_links":{"self":[{"href":"https:\/\/centralmedia.rs\/index.php\/wp-json\/wp\/v2\/posts\/3572"}],"collection":[{"href":"https:\/\/centralmedia.rs\/index.php\/wp-json\/wp\/v2\/posts"}],"about":[{"href":"https:\/\/centralmedia.rs\/index.php\/wp-json\/wp\/v2\/types\/post"}],"author":[{"embeddable":true,"href":"https:\/\/centralmedia.rs\/index.php\/wp-json\/wp\/v2\/users\/4"}],"replies":[{"embeddable":true,"href":"https:\/\/centralmedia.rs\/index.php\/wp-json\/wp\/v2\/comments?post=3572"}],"version-history":[{"count":0,"href":"https:\/\/centralmedia.rs\/index.php\/wp-json\/wp\/v2\/posts\/3572\/revisions"}],"wp:featuredmedia":[{"embeddable":true,"href":"https:\/\/centralmedia.rs\/index.php\/wp-json\/wp\/v2\/media\/3573"}],"wp:attachment":[{"href":"https:\/\/centralmedia.rs\/index.php\/wp-json\/wp\/v2\/media?parent=3572"}],"wp:term":[{"taxonomy":"category","embeddable":true,"href":"https:\/\/centralmedia.rs\/index.php\/wp-json\/wp\/v2\/categories?post=3572"},{"taxonomy":"post_tag","embeddable":true,"href":"https:\/\/centralmedia.rs\/index.php\/wp-json\/wp\/v2\/tags?post=3572"}],"curies":[{"name":"wp","href":"https:\/\/api.w.org\/{rel}","templated":true}]}}