{"id":35727,"date":"2023-07-27T14:49:33","date_gmt":"2023-07-27T12:49:33","guid":{"rendered":"http:\/\/centralmedia.rs\/?p=35727"},"modified":"2023-08-04T17:38:47","modified_gmt":"2023-08-04T15:38:47","slug":"za-300-poplavljenih-porodica-sa-teritorije-grada-jagodine-po-200-evra-iz-donacije","status":"publish","type":"post","link":"https:\/\/centralmedia.rs\/index.php\/2023\/07\/27\/za-300-poplavljenih-porodica-sa-teritorije-grada-jagodine-po-200-evra-iz-donacije\/","title":{"rendered":"ZA 300 POPLAVLJENIH PORODICA SA TERITORIJE GRADA JAGODINE PO 200 EVRA IZ DONACIJE"},"content":{"rendered":"<p>Na inicijativu Skup\u0161tine grada Jagodine, dobrotvorna fondacija Srpske pravoslavne crkve \u201c\u010covekoljublje\u201d, uz podr\u0161ku svojih partnera iz me\u0111unarodne organizacije \u201cACT Alliance\u201d sa sedi\u0161tem u \u017denevi, prikupila je 60 000 evra donacije za 300 porodica sa teritorije grada Jagodine, \u010dijim doma\u0107instvima je pri\u010dinjena materijalna \u0161teta za vreme poplava juna meseca ove godine. Urednik programa dobrotvorne fondacije \u201c\u010covekuljublje\u201d Marija Vrane\u0161evi\u0107 je rekla da \u0107e danas i sutra biti podeljeno ukupno 300 vau\u010dera, odnosno kartica Po\u0161tanske \u0161tedionice u protivvrednosti od 200 evra, kojim \u0107e korisnici te pomo\u0107i mogu da podignu novac u gotovini u Po\u0161tanskoj \u0161tedionici ili mogu tim karticama kupovati \u0161to im je potrebno u prodavnicama. \u201cMi smo se odazvali pozivu Grada Jagodine, upoznali smo se sa situacijom nakon poplava i videli kakva je katastrofalna \u0161teta naneta odre\u0111enim doma\u0107instvima i uz pomo\u0107 na\u0161ih me\u0111unarodnih partnera smo prikupili 60 000 evra. Spiskove za podelu ovg novca nam je dostavila uprava Grada Jagodine\u201d, rekla je Vrane\u0161evi\u0107. \u010clan kriznog \u0161taba grada Jagodine Zoran Gligorijevi\u0107 je rekao da je ova pomo\u0107 isklju\u010divo iz donacije, a da se \u010deka odluka Vlade Srbije o pomo\u0107i poplavljenom stanovni\u0161tvu na osnovu prijava, koje su dostavila doma\u0107instva koja su pretrpela \u0161tetu u poplavama. \u201cGrad Jagodina je iste no\u0107i kada je do\u0161lo do poplava, a 20 sela je pretrpelu \u0161tetu, kao i sam grad Jagodina, pokrenuo pomo\u0107 na\u0161im gra\u0111anima u vidu saniranja puteva, ulica, bunara, crpljenja vode, popravke, su\u0161enje, dostavu hrane i higijenskih sredstava, kao i obilazak komisija za popis \u0161tete. Na\u0161e ma\u0161ine i kamioni su i dan danas na terenu\u201d, rekao je Gligorijevi\u0107. Danas je u Domu kulture u selu Drago\u0161evcu vr\u0161ena podela vau\u010dera od po 200 evra (dinarska protivvrednost) za sela Drago\u0161evac, Medojevac, Topola, Ivkova\u010dki Prnjavor, Glavinci I Bresje, a u Domu kulture u Trnavi, za to selo i Me\u0111ure\u010d, Novo Lani\u0161te, \u0160antarovac, Ribnik, Mali Popovi\u0107, Dobru vodu, Glogovbac, Milo\u0161evo i Bunar. U petak \u0107e se u Skup\u0161tini grada Jagodine vr\u0161iti dodela vau\u010der &#8211; kartica za poplavljene u gradu Jagodini.<\/p>\n<div id='gallery-1' class='gallery galleryid-35727 gallery-columns-4 gallery-size-thumbnail'><figure class='gallery-item'>\n\t\t\t<div class='gallery-icon landscape'>\n\t\t\t\t<a href='https:\/\/centralmedia.rs\/index.php\/2023\/07\/27\/za-300-poplavljenih-porodica-sa-teritorije-grada-jagodine-po-200-evra-iz-donacije\/poplavljeni1\/'><img loading=\"lazy\" decoding=\"async\" width=\"150\" height=\"150\" src=\"https:\/\/centralmedia.rs\/wp-content\/uploads\/2023\/07\/poplavljeni1-150x150.jpg\" class=\"attachment-thumbnail size-thumbnail\" alt=\"\" \/><\/a>\n\t\t\t<\/div><\/figure><figure class='gallery-item'>\n\t\t\t<div class='gallery-icon landscape'>\n\t\t\t\t<a href='https:\/\/centralmedia.rs\/index.php\/2023\/07\/27\/za-300-poplavljenih-porodica-sa-teritorije-grada-jagodine-po-200-evra-iz-donacije\/poplavljeni2\/'><img loading=\"lazy\" decoding=\"async\" width=\"150\" height=\"150\" src=\"https:\/\/centralmedia.rs\/wp-content\/uploads\/2023\/07\/poplavljeni2-150x150.jpg\" class=\"attachment-thumbnail size-thumbnail\" alt=\"\" \/><\/a>\n\t\t\t<\/div><\/figure><figure class='gallery-item'>\n\t\t\t<div class='gallery-icon landscape'>\n\t\t\t\t<a href='https:\/\/centralmedia.rs\/index.php\/2023\/07\/27\/za-300-poplavljenih-porodica-sa-teritorije-grada-jagodine-po-200-evra-iz-donacije\/poplavljeni3\/'><img loading=\"lazy\" decoding=\"async\" width=\"150\" height=\"150\" src=\"https:\/\/centralmedia.rs\/wp-content\/uploads\/2023\/07\/poplavljeni3-150x150.jpg\" class=\"attachment-thumbnail size-thumbnail\" alt=\"\" \/><\/a>\n\t\t\t<\/div><\/figure><figure class='gallery-item'>\n\t\t\t<div class='gallery-icon landscape'>\n\t\t\t\t<a href='https:\/\/centralmedia.rs\/index.php\/2023\/07\/27\/za-300-poplavljenih-porodica-sa-teritorije-grada-jagodine-po-200-evra-iz-donacije\/poplavljeni4\/'><img loading=\"lazy\" decoding=\"async\" width=\"150\" height=\"150\" src=\"https:\/\/centralmedia.rs\/wp-content\/uploads\/2023\/07\/poplavljeni4-150x150.jpg\" class=\"attachment-thumbnail size-thumbnail\" alt=\"\" \/><\/a>\n\t\t\t<\/div><\/figure>\n\t\t<\/div>\n\n","protected":false},"excerpt":{"rendered":"<p>Na inicijativu Skup\u0161tine grada Jagodine, dobrotvorna fondacija Srpske pravoslavne crkve \u201c\u010covekoljublje\u201d, uz podr\u0161ku svojih partnera iz me\u0111unarodne organizacije \u201cACT Alliance\u201d sa sedi\u0161tem u \u017denevi, prikupila &hellip; <\/p>\n","protected":false},"author":2,"featured_media":35728,"comment_status":"open","ping_status":"open","sticky":false,"template":"","format":"standard","meta":{"footnotes":""},"categories":[1524,20,2,1514,5643,887,12],"tags":[6275,328,58,6235,894],"_links":{"self":[{"href":"https:\/\/centralmedia.rs\/index.php\/wp-json\/wp\/v2\/posts\/35727"}],"collection":[{"href":"https:\/\/centralmedia.rs\/index.php\/wp-json\/wp\/v2\/posts"}],"about":[{"href":"https:\/\/centralmedia.rs\/index.php\/wp-json\/wp\/v2\/types\/post"}],"author":[{"embeddable":true,"href":"https:\/\/centralmedia.rs\/index.php\/wp-json\/wp\/v2\/users\/2"}],"replies":[{"embeddable":true,"href":"https:\/\/centralmedia.rs\/index.php\/wp-json\/wp\/v2\/comments?post=35727"}],"version-history":[{"count":1,"href":"https:\/\/centralmedia.rs\/index.php\/wp-json\/wp\/v2\/posts\/35727\/revisions"}],"predecessor-version":[{"id":35733,"href":"https:\/\/centralmedia.rs\/index.php\/wp-json\/wp\/v2\/posts\/35727\/revisions\/35733"}],"wp:featuredmedia":[{"embeddable":true,"href":"https:\/\/centralmedia.rs\/index.php\/wp-json\/wp\/v2\/media\/35728"}],"wp:attachment":[{"href":"https:\/\/centralmedia.rs\/index.php\/wp-json\/wp\/v2\/media?parent=35727"}],"wp:term":[{"taxonomy":"category","embeddable":true,"href":"https:\/\/centralmedia.rs\/index.php\/wp-json\/wp\/v2\/categories?post=35727"},{"taxonomy":"post_tag","embeddable":true,"href":"https:\/\/centralmedia.rs\/index.php\/wp-json\/wp\/v2\/tags?post=35727"}],"curies":[{"name":"wp","href":"https:\/\/api.w.org\/{rel}","templated":true}]}}