{"id":3575,"date":"2016-07-01T10:16:50","date_gmt":"2016-07-01T10:16:50","guid":{"rendered":"http:\/\/centralmedia.rs\/?p=3575"},"modified":"2016-07-01T17:49:02","modified_gmt":"2016-07-01T17:49:02","slug":"jagodinski-biciklisti-danas-stizu-u-jagodinu","status":"publish","type":"post","link":"https:\/\/centralmedia.rs\/index.php\/2016\/07\/01\/jagodinski-biciklisti-danas-stizu-u-jagodinu\/","title":{"rendered":"JAGODINSKI BICIKLISTI DANAS STI\u017dU U JAGODINU"},"content":{"rendered":"<p>Jagodina-Posle sedam dana i pre\u0111enih 600 kilometra po Srbiji jagodinski biciklisti danas oko 17 sati sti\u017eu u Jagodinu, a u centru grada bi\u0107e prire\u0111en do\u010dek.<div id='gallery-1' class='gallery galleryid-3575 gallery-columns-3 gallery-size-large'><figure class='gallery-item'>\n\t\t\t<div class='gallery-icon landscape'>\n\t\t\t\t<a href='https:\/\/centralmedia.rs\/index.php\/2016\/07\/01\/jagodinski-biciklisti-danas-stizu-u-jagodinu\/biciklisti-3\/'><img loading=\"lazy\" decoding=\"async\" width=\"760\" height=\"456\" src=\"https:\/\/centralmedia.rs\/wp-content\/uploads\/2016\/07\/biciklisti-3.jpg\" class=\"attachment-large size-large\" alt=\"\" srcset=\"https:\/\/centralmedia.rs\/wp-content\/uploads\/2016\/07\/biciklisti-3.jpg 960w, https:\/\/centralmedia.rs\/wp-content\/uploads\/2016\/07\/biciklisti-3-300x180.jpg 300w, https:\/\/centralmedia.rs\/wp-content\/uploads\/2016\/07\/biciklisti-3-768x461.jpg 768w\" sizes=\"(max-width: 760px) 100vw, 760px\" \/><\/a>\n\t\t\t<\/div><\/figure><figure class='gallery-item'>\n\t\t\t<div class='gallery-icon landscape'>\n\t\t\t\t<a href='https:\/\/centralmedia.rs\/index.php\/2016\/07\/01\/jagodinski-biciklisti-danas-stizu-u-jagodinu\/biciklisti-5\/'><img loading=\"lazy\" decoding=\"async\" width=\"760\" height=\"570\" src=\"https:\/\/centralmedia.rs\/wp-content\/uploads\/2016\/07\/biciklisti-5.jpg\" class=\"attachment-large size-large\" alt=\"\" srcset=\"https:\/\/centralmedia.rs\/wp-content\/uploads\/2016\/07\/biciklisti-5.jpg 960w, https:\/\/centralmedia.rs\/wp-content\/uploads\/2016\/07\/biciklisti-5-300x225.jpg 300w, https:\/\/centralmedia.rs\/wp-content\/uploads\/2016\/07\/biciklisti-5-768x576.jpg 768w, https:\/\/centralmedia.rs\/wp-content\/uploads\/2016\/07\/biciklisti-5-80x60.jpg 80w, https:\/\/centralmedia.rs\/wp-content\/uploads\/2016\/07\/biciklisti-5-265x198.jpg 265w\" sizes=\"(max-width: 760px) 100vw, 760px\" \/><\/a>\n\t\t\t<\/div><\/figure><figure class='gallery-item'>\n\t\t\t<div class='gallery-icon landscape'>\n\t\t\t\t<a href='https:\/\/centralmedia.rs\/index.php\/2016\/07\/01\/jagodinski-biciklisti-danas-stizu-u-jagodinu\/biciklisti-6\/'><img loading=\"lazy\" decoding=\"async\" width=\"760\" height=\"570\" src=\"https:\/\/centralmedia.rs\/wp-content\/uploads\/2016\/07\/biciklisti-6.jpg\" class=\"attachment-large size-large\" alt=\"\" srcset=\"https:\/\/centralmedia.rs\/wp-content\/uploads\/2016\/07\/biciklisti-6.jpg 960w, https:\/\/centralmedia.rs\/wp-content\/uploads\/2016\/07\/biciklisti-6-300x225.jpg 300w, https:\/\/centralmedia.rs\/wp-content\/uploads\/2016\/07\/biciklisti-6-768x576.jpg 768w, https:\/\/centralmedia.rs\/wp-content\/uploads\/2016\/07\/biciklisti-6-80x60.jpg 80w, https:\/\/centralmedia.rs\/wp-content\/uploads\/2016\/07\/biciklisti-6-265x198.jpg 265w\" sizes=\"(max-width: 760px) 100vw, 760px\" \/><\/a>\n\t\t\t<\/div><\/figure>\n\t\t<\/div>\n<br \/>\n      -Hvala Vam na masovnoj podr\u0161ci u toku na\u0161e akcije. Svi sugra\u0111ani koji \u017eele mogu da nas sa\u010dekaju ispred robne ku\u0107e da napravimo snimke kao i u ostalim gradovima. Svi biciklisti mogu nam se pridru\u017eiti na putu \u0106uprija-Jagodina da zajedno udjemo u grad, poru\u010dio je predsednik Udru\u017eenja Jagodinski biciklisti Goran Vasi\u0107.<br \/>\nJagodinski biciklisti su od 24 juna prevezli 600 kilometara u akciji \u201cBudi br\u017ea\u201d, koja ima za cilj da skrene pa\u017enju na problem raka grli\u0107a materice i raka \u017eenskih genitalnih organa uop\u0161te, kao i da podseti na va\u017enost redovnih pregleda. Na taj na\u010din oni su se uklju\u010dili u evropsku akciju \u201eVo\u017enja za \u017eene\u201c  (www.Ride4Women.org ) \u010diji je slogan, tako\u0111e, \u201eBudi br\u017ea od kancera&#8221;<\/p>\n","protected":false},"excerpt":{"rendered":"<p>Jagodina-Posle sedam dana i pre\u0111enih 600 kilometra po Srbiji jagodinski biciklisti danas oko 17 sati sti\u017eu u Jagodinu, a u centru grada bi\u0107e prire\u0111en do\u010dek. &hellip; <\/p>\n","protected":false},"author":4,"featured_media":3576,"comment_status":"open","ping_status":"open","sticky":false,"template":"","format":"standard","meta":{"footnotes":""},"categories":[21],"tags":[928,58,884],"_links":{"self":[{"href":"https:\/\/centralmedia.rs\/index.php\/wp-json\/wp\/v2\/posts\/3575"}],"collection":[{"href":"https:\/\/centralmedia.rs\/index.php\/wp-json\/wp\/v2\/posts"}],"about":[{"href":"https:\/\/centralmedia.rs\/index.php\/wp-json\/wp\/v2\/types\/post"}],"author":[{"embeddable":true,"href":"https:\/\/centralmedia.rs\/index.php\/wp-json\/wp\/v2\/users\/4"}],"replies":[{"embeddable":true,"href":"https:\/\/centralmedia.rs\/index.php\/wp-json\/wp\/v2\/comments?post=3575"}],"version-history":[{"count":0,"href":"https:\/\/centralmedia.rs\/index.php\/wp-json\/wp\/v2\/posts\/3575\/revisions"}],"wp:featuredmedia":[{"embeddable":true,"href":"https:\/\/centralmedia.rs\/index.php\/wp-json\/wp\/v2\/media\/3576"}],"wp:attachment":[{"href":"https:\/\/centralmedia.rs\/index.php\/wp-json\/wp\/v2\/media?parent=3575"}],"wp:term":[{"taxonomy":"category","embeddable":true,"href":"https:\/\/centralmedia.rs\/index.php\/wp-json\/wp\/v2\/categories?post=3575"},{"taxonomy":"post_tag","embeddable":true,"href":"https:\/\/centralmedia.rs\/index.php\/wp-json\/wp\/v2\/tags?post=3575"}],"curies":[{"name":"wp","href":"https:\/\/api.w.org\/{rel}","templated":true}]}}