{"id":35776,"date":"2023-08-01T14:19:26","date_gmt":"2023-08-01T12:19:26","guid":{"rendered":"http:\/\/centralmedia.rs\/?p=35776"},"modified":"2023-08-04T17:39:54","modified_gmt":"2023-08-04T15:39:54","slug":"prvi-sabor-planinara-srbije-video","status":"publish","type":"post","link":"https:\/\/centralmedia.rs\/index.php\/2023\/08\/01\/prvi-sabor-planinara-srbije-video\/","title":{"rendered":"PRVI SABOR PLANINARA SRBIJE  (VIDEO)"},"content":{"rendered":"<p>Prvi Sabor planinara Srbije okupio je doma\u0107e ljubitelje planina na kampu pla\u017ee Borovan na reci Lopatnici kod Kraljeva. Reka je specifi\u010dna po tome \u0161to su me\u0161tani otkupili od investitora obale na kojima je trebalo da se gradi \u010dak \u0161est MHE i sada su formirali kampove i pla\u017ee na kojima gra\u0111ani mogu da borave potpuno besplatno, u\u017eivaju u \u010distoj reci i njenim vodopadima.<\/p>\n<p>-Sa PD Rado\u010delo organizovali smo Sabor na kampu pla\u017ee Borovan na reci Lopatnici. Za po\u010detak je bilo dobro. Nadamo se da \u0107e narednih godina biti masovnije. Tendencija je da se ljudi vra\u0107aju prirodi i \u017eivotu koji smo zaboravili. Nadam se da se \u0107emo vremenom uticati da se \u0161to ve\u0107i broj ljudi okrene pravim vrednostima, ka\u017ee vlasnik pla\u017ee Borovan, borac protiv MHE i organizator Sabora planinara Srbije Neboj\u0161a Kovand\u017ei\u0107.<\/p>\n<p><img loading=\"lazy\" decoding=\"async\" class=\"alignnone wp-image-35777 size-large\" src=\"http:\/\/centralmedia.rs\/wp-content\/uploads\/2023\/08\/troglav-lopatnica1-1024x462.jpg\" alt=\"\" width=\"640\" height=\"289\" srcset=\"https:\/\/centralmedia.rs\/wp-content\/uploads\/2023\/08\/troglav-lopatnica1-1024x462.jpg 1024w, https:\/\/centralmedia.rs\/wp-content\/uploads\/2023\/08\/troglav-lopatnica1-300x135.jpg 300w, https:\/\/centralmedia.rs\/wp-content\/uploads\/2023\/08\/troglav-lopatnica1-768x347.jpg 768w, https:\/\/centralmedia.rs\/wp-content\/uploads\/2023\/08\/troglav-lopatnica1-931x420.jpg 931w, https:\/\/centralmedia.rs\/wp-content\/uploads\/2023\/08\/troglav-lopatnica1-640x289.jpg 640w, https:\/\/centralmedia.rs\/wp-content\/uploads\/2023\/08\/troglav-lopatnica1-681x307.jpg 681w, https:\/\/centralmedia.rs\/wp-content\/uploads\/2023\/08\/troglav-lopatnica1.jpg 2048w\" sizes=\"(max-width: 640px) 100vw, 640px\" \/><\/p>\n<p>Planinari su tokom tri dana Sabora obi\u0161li kanjon reke Lopatnice, pe\u0161a\u010dili do vrhova Troglav i Vranovac, u\u010dili uz instruktora penjanje na prirodnu stenu, odr\u017eali istorijski \u010das na popri\u0161tu bitke u prvom svetskom ratu.<\/p>\n<p>-Planinarenje u Srbiji je biznis, dosta ko\u0161ta. Ideja osnivanja PD Rado\u010delo iz U\u0161\u0107a je da planinarenje bude \u0161to je jeftnije, gotovo besplatno, da bi bilo dostupno svima. Na\u0161i vodi\u010di ni\u0161ta ne napla\u0107uju, \u010dak i oni u\u010destvuju u ceni ko\u0161tanja prevoza. Sabor planinara Srbije je zami\u0161ljen da bude basplatan, odnosno da ko\u0161ta samo prevoz do pla\u017ee Borovan, reke Lopatnice, a ovde je sve besplatno \u2013hrana, pi\u0107e, sme\u0161taj, kamp&#8230;. Hteli\u00a0 smo ljude da vratimo prirodi, da u\u017eivaju u netaknutoj reci, vodi, vodopadima, zelenilu, planini. Do\u0161li su ljudi sa porodicama, planinare, kupaju se, u\u017eivaju kao nekada. Mo\u017eda ovo bude u godinama pred nama dr\u017eavna planinrska akcija pa se okupi mnogo vi\u0161e ljudi i iz regiona, ali i ovako je bilo dovoljno za po\u010detak, pri\u010da predsednik PD Rado\u010delo Goran Nikoli\u0107.<\/p>\n<p><img loading=\"lazy\" decoding=\"async\" class=\"alignnone wp-image-35778 size-large\" src=\"http:\/\/centralmedia.rs\/wp-content\/uploads\/2023\/08\/ja-i-goran1-988x1024.jpg\" alt=\"\" width=\"640\" height=\"663\" srcset=\"https:\/\/centralmedia.rs\/wp-content\/uploads\/2023\/08\/ja-i-goran1-988x1024.jpg 988w, https:\/\/centralmedia.rs\/wp-content\/uploads\/2023\/08\/ja-i-goran1-289x300.jpg 289w, https:\/\/centralmedia.rs\/wp-content\/uploads\/2023\/08\/ja-i-goran1-768x796.jpg 768w, https:\/\/centralmedia.rs\/wp-content\/uploads\/2023\/08\/ja-i-goran1-405x420.jpg 405w, https:\/\/centralmedia.rs\/wp-content\/uploads\/2023\/08\/ja-i-goran1-640x663.jpg 640w, https:\/\/centralmedia.rs\/wp-content\/uploads\/2023\/08\/ja-i-goran1-681x706.jpg 681w, https:\/\/centralmedia.rs\/wp-content\/uploads\/2023\/08\/ja-i-goran1.jpg 1174w\" sizes=\"(max-width: 640px) 100vw, 640px\" \/><\/p>\n<p>Uz kazan pasulja planinari su se okrepili posle uspona na Troglav, a zatim je usledio \u010das palnianrenja na prirodnoj steni, pa kupanje u vodopadima Lopatnice.<\/p>\n<p>&#8211; Ove godine smo prvi put organizovali Sabor planinara Srbije. Odazvao se veliki broj planinara, narednih godina bi\u0107emo jo\u0161 brojniji. Lepo je za kampovanje, tu je reka Lopatnica, u blizini je planina Troglav, ima i drugi pe\u0161a\u010dkih tura. Pored kampa, tu je i prirodna stena za slobodno penjanje, uz instruktora je mogla da se savlada tehnika, kazala je organizator Sabora Bojana Ko\u0161anin<\/p>\n<p><iframe loading=\"lazy\" title=\"1. Sabor planinara Srbije 2023. -  Lopatnica kod Kraljeva\" width=\"760\" height=\"428\" src=\"https:\/\/www.youtube.com\/embed\/D6nf5I8zEtM?feature=oembed\" frameborder=\"0\" allow=\"accelerometer; autoplay; clipboard-write; encrypted-media; gyroscope; picture-in-picture; web-share\" referrerpolicy=\"strict-origin-when-cross-origin\" allowfullscreen><\/iframe><\/p>\n","protected":false},"excerpt":{"rendered":"<p>Prvi Sabor planinara Srbije okupio je doma\u0107e ljubitelje planina na kampu pla\u017ee Borovan na reci Lopatnici kod Kraljeva. Reka je specifi\u010dna po tome \u0161to su &hellip; <\/p>\n","protected":false},"author":2,"featured_media":35777,"comment_status":"open","ping_status":"open","sticky":false,"template":"","format":"standard","meta":{"footnotes":""},"categories":[1524,2,1514,23,3054],"tags":[1509,6279,3654,6280,1035,1112,6281],"_links":{"self":[{"href":"https:\/\/centralmedia.rs\/index.php\/wp-json\/wp\/v2\/posts\/35776"}],"collection":[{"href":"https:\/\/centralmedia.rs\/index.php\/wp-json\/wp\/v2\/posts"}],"about":[{"href":"https:\/\/centralmedia.rs\/index.php\/wp-json\/wp\/v2\/types\/post"}],"author":[{"embeddable":true,"href":"https:\/\/centralmedia.rs\/index.php\/wp-json\/wp\/v2\/users\/2"}],"replies":[{"embeddable":true,"href":"https:\/\/centralmedia.rs\/index.php\/wp-json\/wp\/v2\/comments?post=35776"}],"version-history":[{"count":2,"href":"https:\/\/centralmedia.rs\/index.php\/wp-json\/wp\/v2\/posts\/35776\/revisions"}],"predecessor-version":[{"id":35780,"href":"https:\/\/centralmedia.rs\/index.php\/wp-json\/wp\/v2\/posts\/35776\/revisions\/35780"}],"wp:featuredmedia":[{"embeddable":true,"href":"https:\/\/centralmedia.rs\/index.php\/wp-json\/wp\/v2\/media\/35777"}],"wp:attachment":[{"href":"https:\/\/centralmedia.rs\/index.php\/wp-json\/wp\/v2\/media?parent=35776"}],"wp:term":[{"taxonomy":"category","embeddable":true,"href":"https:\/\/centralmedia.rs\/index.php\/wp-json\/wp\/v2\/categories?post=35776"},{"taxonomy":"post_tag","embeddable":true,"href":"https:\/\/centralmedia.rs\/index.php\/wp-json\/wp\/v2\/tags?post=35776"}],"curies":[{"name":"wp","href":"https:\/\/api.w.org\/{rel}","templated":true}]}}