{"id":35781,"date":"2023-08-01T19:02:33","date_gmt":"2023-08-01T17:02:33","guid":{"rendered":"http:\/\/centralmedia.rs\/?p=35781"},"modified":"2023-08-04T17:40:02","modified_gmt":"2023-08-04T15:40:02","slug":"zene-zavode-red-svilajncu","status":"publish","type":"post","link":"https:\/\/centralmedia.rs\/index.php\/2023\/08\/01\/zene-zavode-red-svilajncu\/","title":{"rendered":"\u017dENE ZAVODE RED SVILAJNCU"},"content":{"rendered":"<p>SVILAJNAC- Danas je i zvani\u010dno po\u010dela sa radom na terenu komunalna milicija op\u0161tine Svilajnac, a kompletnu postavu \u010dine \u017eene \u0161to je izuztek u ovom poslu. Predsednik op\u0161tine Svilajnac Predrag Milanovi\u0107 rekao je da je op\u0161tina Svilajnac jedna od malobrojnih op\u0161tina u Srbiji koja je uvela komunalnu miliciju:<\/p>\n<p>\u201cOvo je zna\u010dajno i op\u0161tinskoj upravi, a pre svega gra\u0111anima, za ostvarivanje komunalnog reda, naro\u010dito oko problema za koje do sada nismo imali mehanizme da re\u0161imo. Komunalna milicija ima vi\u0161e ovla\u0161\u0107enja od komunalne inspekcije, ne\u0161to manje od policije, i rade\u0107i u skladu sa zakonom, gra\u0111ani \u0107e jako brzo mo\u0107i da osete rezultate i boljitak. Ovo je slu\u017eba koja \u0107e biti i otvorena za gra\u0111ane da joj se obrate\u00a0 da dobiju za\u0161titu u oblasti\u00a0 komunalnih problema \u2013 izjavio je Milanovi\u0107.<\/p>\n<div id='gallery-1' class='gallery galleryid-35781 gallery-columns-4 gallery-size-thumbnail'><figure class='gallery-item'>\n\t\t\t<div class='gallery-icon landscape'>\n\t\t\t\t<a href='https:\/\/centralmedia.rs\/index.php\/2023\/08\/01\/zene-zavode-red-svilajncu\/milicija\/'><img loading=\"lazy\" decoding=\"async\" width=\"150\" height=\"150\" src=\"https:\/\/centralmedia.rs\/wp-content\/uploads\/2023\/08\/milicija-150x150.jpg\" class=\"attachment-thumbnail size-thumbnail\" alt=\"\" \/><\/a>\n\t\t\t<\/div><\/figure><figure class='gallery-item'>\n\t\t\t<div class='gallery-icon landscape'>\n\t\t\t\t<a href='https:\/\/centralmedia.rs\/index.php\/2023\/08\/01\/zene-zavode-red-svilajncu\/milicija1\/'><img loading=\"lazy\" decoding=\"async\" width=\"150\" height=\"150\" src=\"https:\/\/centralmedia.rs\/wp-content\/uploads\/2023\/08\/milicija1-150x150.jpg\" class=\"attachment-thumbnail size-thumbnail\" alt=\"\" \/><\/a>\n\t\t\t<\/div><\/figure><figure class='gallery-item'>\n\t\t\t<div class='gallery-icon landscape'>\n\t\t\t\t<a href='https:\/\/centralmedia.rs\/index.php\/2023\/08\/01\/zene-zavode-red-svilajncu\/milicija2\/'><img loading=\"lazy\" decoding=\"async\" width=\"150\" height=\"150\" src=\"https:\/\/centralmedia.rs\/wp-content\/uploads\/2023\/08\/milicija2-150x150.jpg\" class=\"attachment-thumbnail size-thumbnail\" alt=\"\" \/><\/a>\n\t\t\t<\/div><\/figure><figure class='gallery-item'>\n\t\t\t<div class='gallery-icon portrait'>\n\t\t\t\t<a href='https:\/\/centralmedia.rs\/index.php\/2023\/08\/01\/zene-zavode-red-svilajncu\/milicija3\/'><img loading=\"lazy\" decoding=\"async\" width=\"150\" height=\"150\" src=\"https:\/\/centralmedia.rs\/wp-content\/uploads\/2023\/08\/milicija3-150x150.jpg\" class=\"attachment-thumbnail size-thumbnail\" alt=\"\" \/><\/a>\n\t\t\t<\/div><\/figure>\n\t\t<\/div>\n\n<p>Koordinator Komunalna milicije op\u0161tine Svilajnac Tijana Todorovi\u0107 rekla je da ova slu\u017eba ima \u010detiri komunalne milicionarke koje \u0107e raditi u dve smene:<\/p>\n<p>\u201cNa samom po\u010detku akcenat \u0107e biti na nepropisnom parkiranju, kontroli zauze\u0107a javnih povr\u0161ina, o\u010dekujemo da nas ljudi upoznaju i sara\u0111uju. Do sada su se gra\u0111ani Svilajnca pona\u0161ali savesno i odgovorno i mi smo ovde pre svega u njihovoj slu\u017ebi\u201d \u2013 izjavila je ona.<\/p>\n","protected":false},"excerpt":{"rendered":"<p>SVILAJNAC- Danas je i zvani\u010dno po\u010dela sa radom na terenu komunalna milicija op\u0161tine Svilajnac, a kompletnu postavu \u010dine \u017eene \u0161to je izuztek u ovom poslu. &hellip; <\/p>\n","protected":false},"author":2,"featured_media":35782,"comment_status":"open","ping_status":"open","sticky":false,"template":"","format":"standard","meta":{"footnotes":""},"categories":[14,1524,2,5643,1514,887,12],"tags":[6282,38],"_links":{"self":[{"href":"https:\/\/centralmedia.rs\/index.php\/wp-json\/wp\/v2\/posts\/35781"}],"collection":[{"href":"https:\/\/centralmedia.rs\/index.php\/wp-json\/wp\/v2\/posts"}],"about":[{"href":"https:\/\/centralmedia.rs\/index.php\/wp-json\/wp\/v2\/types\/post"}],"author":[{"embeddable":true,"href":"https:\/\/centralmedia.rs\/index.php\/wp-json\/wp\/v2\/users\/2"}],"replies":[{"embeddable":true,"href":"https:\/\/centralmedia.rs\/index.php\/wp-json\/wp\/v2\/comments?post=35781"}],"version-history":[{"count":1,"href":"https:\/\/centralmedia.rs\/index.php\/wp-json\/wp\/v2\/posts\/35781\/revisions"}],"predecessor-version":[{"id":35787,"href":"https:\/\/centralmedia.rs\/index.php\/wp-json\/wp\/v2\/posts\/35781\/revisions\/35787"}],"wp:featuredmedia":[{"embeddable":true,"href":"https:\/\/centralmedia.rs\/index.php\/wp-json\/wp\/v2\/media\/35782"}],"wp:attachment":[{"href":"https:\/\/centralmedia.rs\/index.php\/wp-json\/wp\/v2\/media?parent=35781"}],"wp:term":[{"taxonomy":"category","embeddable":true,"href":"https:\/\/centralmedia.rs\/index.php\/wp-json\/wp\/v2\/categories?post=35781"},{"taxonomy":"post_tag","embeddable":true,"href":"https:\/\/centralmedia.rs\/index.php\/wp-json\/wp\/v2\/tags?post=35781"}],"curies":[{"name":"wp","href":"https:\/\/api.w.org\/{rel}","templated":true}]}}