{"id":35788,"date":"2023-08-01T19:04:45","date_gmt":"2023-08-01T17:04:45","guid":{"rendered":"http:\/\/centralmedia.rs\/?p=35788"},"modified":"2023-08-04T17:40:11","modified_gmt":"2023-08-04T15:40:11","slug":"povodom-slave-svetog-stefana-despota-srpskog-ministar-selakovic-posetio-manasiju-i-despotovac","status":"publish","type":"post","link":"https:\/\/centralmedia.rs\/index.php\/2023\/08\/01\/povodom-slave-svetog-stefana-despota-srpskog-ministar-selakovic-posetio-manasiju-i-despotovac\/","title":{"rendered":"POVODOM SLAVE SVETOG STEFANA, DESPOTA SRPSKOG  &#8211; MINISTAR SELAKOVI\u0106 POSETIO MANASIJU I DESPOTOVAC"},"content":{"rendered":"<p>DESPOTOVAC- Povodom Svetog Sefana, despota srpskog, ktitorske slave ministar Nikola Selakovi\u0107 prisustvovao je svetoj Liturgiji u manastiru Manasija i polo\u017eio venac na kivot despota Stefana Lazarevi\u0107a.<\/p>\n<div id='gallery-1' class='gallery galleryid-35788 gallery-columns-3 gallery-size-thumbnail'><figure class='gallery-item'>\n\t\t\t<div class='gallery-icon landscape'>\n\t\t\t\t<a href='https:\/\/centralmedia.rs\/index.php\/2023\/08\/01\/povodom-slave-svetog-stefana-despota-srpskog-ministar-selakovic-posetio-manasiju-i-despotovac\/selakovic1\/'><img loading=\"lazy\" decoding=\"async\" width=\"150\" height=\"150\" src=\"https:\/\/centralmedia.rs\/wp-content\/uploads\/2023\/08\/selakovic1-150x150.jpg\" class=\"attachment-thumbnail size-thumbnail\" alt=\"\" \/><\/a>\n\t\t\t<\/div><\/figure><figure class='gallery-item'>\n\t\t\t<div class='gallery-icon landscape'>\n\t\t\t\t<a href='https:\/\/centralmedia.rs\/index.php\/2023\/08\/01\/povodom-slave-svetog-stefana-despota-srpskog-ministar-selakovic-posetio-manasiju-i-despotovac\/selakovic2\/'><img loading=\"lazy\" decoding=\"async\" width=\"150\" height=\"150\" src=\"https:\/\/centralmedia.rs\/wp-content\/uploads\/2023\/08\/selakovic2-150x150.jpg\" class=\"attachment-thumbnail size-thumbnail\" alt=\"\" \/><\/a>\n\t\t\t<\/div><\/figure><figure class='gallery-item'>\n\t\t\t<div class='gallery-icon landscape'>\n\t\t\t\t<a href='https:\/\/centralmedia.rs\/index.php\/2023\/08\/01\/povodom-slave-svetog-stefana-despota-srpskog-ministar-selakovic-posetio-manasiju-i-despotovac\/selakovic3\/'><img loading=\"lazy\" decoding=\"async\" width=\"150\" height=\"150\" src=\"https:\/\/centralmedia.rs\/wp-content\/uploads\/2023\/08\/selakovic3-150x150.jpg\" class=\"attachment-thumbnail size-thumbnail\" alt=\"\" \/><\/a>\n\t\t\t<\/div><\/figure>\n\t\t<\/div>\n\n<p>Ministra Selakovi\u0107a su do\u010dekali predsednik op\u0161tine Despotovac, dr Zlatko Marjanovi\u0107 i predsednik Skup\u0161tine op\u0161tine Despotovac, Nikola Nikoli\u0107. Nakon svete Liturgije ministar je imao radni sastanak sa predsednicima op\u0161tine i Skup\u0161tine op\u0161tine Despotovac, na kom su razgovarali o daljoj saradnji i mogu\u0107im projektima koji bi pobolj\u0161ali uslove \u017eivota u Gornjoj Resavi.<\/p>\n","protected":false},"excerpt":{"rendered":"<p>DESPOTOVAC- Povodom Svetog Sefana, despota srpskog, ktitorske slave ministar Nikola Selakovi\u0107 prisustvovao je svetoj Liturgiji u manastiru Manasija i polo\u017eio venac na kivot despota Stefana &hellip; <\/p>\n","protected":false},"author":2,"featured_media":35789,"comment_status":"open","ping_status":"open","sticky":false,"template":"","format":"standard","meta":{"footnotes":""},"categories":[1518,5786,14,1524,2,887,12],"tags":[6283,1169,51,6284],"_links":{"self":[{"href":"https:\/\/centralmedia.rs\/index.php\/wp-json\/wp\/v2\/posts\/35788"}],"collection":[{"href":"https:\/\/centralmedia.rs\/index.php\/wp-json\/wp\/v2\/posts"}],"about":[{"href":"https:\/\/centralmedia.rs\/index.php\/wp-json\/wp\/v2\/types\/post"}],"author":[{"embeddable":true,"href":"https:\/\/centralmedia.rs\/index.php\/wp-json\/wp\/v2\/users\/2"}],"replies":[{"embeddable":true,"href":"https:\/\/centralmedia.rs\/index.php\/wp-json\/wp\/v2\/comments?post=35788"}],"version-history":[{"count":1,"href":"https:\/\/centralmedia.rs\/index.php\/wp-json\/wp\/v2\/posts\/35788\/revisions"}],"predecessor-version":[{"id":35793,"href":"https:\/\/centralmedia.rs\/index.php\/wp-json\/wp\/v2\/posts\/35788\/revisions\/35793"}],"wp:featuredmedia":[{"embeddable":true,"href":"https:\/\/centralmedia.rs\/index.php\/wp-json\/wp\/v2\/media\/35789"}],"wp:attachment":[{"href":"https:\/\/centralmedia.rs\/index.php\/wp-json\/wp\/v2\/media?parent=35788"}],"wp:term":[{"taxonomy":"category","embeddable":true,"href":"https:\/\/centralmedia.rs\/index.php\/wp-json\/wp\/v2\/categories?post=35788"},{"taxonomy":"post_tag","embeddable":true,"href":"https:\/\/centralmedia.rs\/index.php\/wp-json\/wp\/v2\/tags?post=35788"}],"curies":[{"name":"wp","href":"https:\/\/api.w.org\/{rel}","templated":true}]}}