{"id":35852,"date":"2023-08-06T15:46:15","date_gmt":"2023-08-06T13:46:15","guid":{"rendered":"http:\/\/centralmedia.rs\/?p=35852"},"modified":"2023-08-08T11:35:53","modified_gmt":"2023-08-08T09:35:53","slug":"otvoren-dom-kulture-u-subotici","status":"publish","type":"post","link":"https:\/\/centralmedia.rs\/index.php\/2023\/08\/06\/otvoren-dom-kulture-u-subotici\/","title":{"rendered":"OTVOREN DOM KULTURE U SUBOTICI"},"content":{"rendered":"<p>U Subotici je sve\u010danim programom otvoren rekonstruisani dom kulture.<\/p>\n<div id='gallery-1' class='gallery galleryid-35852 gallery-columns-4 gallery-size-thumbnail'><figure class='gallery-item'>\n\t\t\t<div class='gallery-icon landscape'>\n\t\t\t\t<a href='https:\/\/centralmedia.rs\/index.php\/2023\/08\/06\/otvoren-dom-kulture-u-subotici\/subotica1-3\/'><img loading=\"lazy\" decoding=\"async\" width=\"150\" height=\"150\" src=\"https:\/\/centralmedia.rs\/wp-content\/uploads\/2023\/08\/subotica1-150x150.jpg\" class=\"attachment-thumbnail size-thumbnail\" alt=\"\" \/><\/a>\n\t\t\t<\/div><\/figure><figure class='gallery-item'>\n\t\t\t<div class='gallery-icon landscape'>\n\t\t\t\t<a href='https:\/\/centralmedia.rs\/index.php\/2023\/08\/06\/otvoren-dom-kulture-u-subotici\/subotica2-3\/'><img loading=\"lazy\" decoding=\"async\" width=\"150\" height=\"150\" src=\"https:\/\/centralmedia.rs\/wp-content\/uploads\/2023\/08\/subotica2-150x150.jpg\" class=\"attachment-thumbnail size-thumbnail\" alt=\"\" \/><\/a>\n\t\t\t<\/div><\/figure><figure class='gallery-item'>\n\t\t\t<div class='gallery-icon landscape'>\n\t\t\t\t<a href='https:\/\/centralmedia.rs\/index.php\/2023\/08\/06\/otvoren-dom-kulture-u-subotici\/subotica3-3\/'><img loading=\"lazy\" decoding=\"async\" width=\"150\" height=\"150\" src=\"https:\/\/centralmedia.rs\/wp-content\/uploads\/2023\/08\/subotica3-150x150.jpg\" class=\"attachment-thumbnail size-thumbnail\" alt=\"\" \/><\/a>\n\t\t\t<\/div><\/figure><figure class='gallery-item'>\n\t\t\t<div class='gallery-icon landscape'>\n\t\t\t\t<a href='https:\/\/centralmedia.rs\/index.php\/2023\/08\/06\/otvoren-dom-kulture-u-subotici\/subotica4-2\/'><img loading=\"lazy\" decoding=\"async\" width=\"150\" height=\"150\" src=\"https:\/\/centralmedia.rs\/wp-content\/uploads\/2023\/08\/subotica4-150x150.jpg\" class=\"attachment-thumbnail size-thumbnail\" alt=\"\" \/><\/a>\n\t\t\t<\/div><\/figure>\n\t\t<\/div>\n\n<p>Udru\u017eivanjem op\u0161tine Svilajnac i Mesne zajednice, zajedni\u010dkim sredstvima na ovom objketu od 250m\u00b2 ura\u0111ena je kompletna unutra\u0161nja rekonstrukcija podova, plafona, zidova, instalacija, rasvete&#8230; Pro\u0161le godina u Subotici je izgra\u0111eno i de\u010dije igrali\u0161te i sada sa sre\u0111enim domom kulture, Subotica ima jedan od najlep\u0161e ure\u0111enih centara.<\/p>\n<p>Otvaranju je prisustvovao i predsednik op\u0161tine Svilajnac Predrag Milanovi\u0107, koji je rekao da je Subotica primer kako treba da sara\u0111uju mesna zajednica i Op\u0161tina Svilajnac:<\/p>\n<p>\u201eZahvaljujem i pozdravljam sve ljude koji su u\u010destvovali u ovom projektu i pozivam da u\u010destvuju i dalje, a to ne mora\u00a0 da bude samo nov\u010dano jer je va\u017ena svaka podr\u0161ka i zajedni\u0161tvo. U Subotici smo proteklih godina radili velike projekte, izgradili novi most, radili regulacije reke, vodovod, a sada je na redu najve\u0107i projekat a to je izgradnja kanalizacione mre\u017ee. Subotica je u\u0161la u prvu grupu sela u kojima \u0107e se graditi kanalizaciona mre\u017ea, pored Troponja, Sedlara, Ku\u0161iljeva\u201c \u2013 izjavio je Milanovi\u0107.<\/p>\n<p>Otvaranju je prisustvovao veliki broj me\u0161tana Subotice, a sve\u010danost su upotpunili nastupi KUD-a \u201eSin\u0111eli\u0107\u201c iz Svilajnca i solistkinje An\u0111ele Milosavljevi\u0107.<\/p>\n","protected":false},"excerpt":{"rendered":"<p>U Subotici je sve\u010danim programom otvoren rekonstruisani dom kulture. Udru\u017eivanjem op\u0161tine Svilajnac i Mesne zajednice, zajedni\u010dkim sredstvima na ovom objketu od 250m\u00b2 ura\u0111ena je kompletna &hellip; <\/p>\n","protected":false},"author":2,"featured_media":35853,"comment_status":"open","ping_status":"open","sticky":false,"template":"","format":"standard","meta":{"footnotes":""},"categories":[14,1524,2,887,12,1517,5785],"tags":[4181,38],"_links":{"self":[{"href":"https:\/\/centralmedia.rs\/index.php\/wp-json\/wp\/v2\/posts\/35852"}],"collection":[{"href":"https:\/\/centralmedia.rs\/index.php\/wp-json\/wp\/v2\/posts"}],"about":[{"href":"https:\/\/centralmedia.rs\/index.php\/wp-json\/wp\/v2\/types\/post"}],"author":[{"embeddable":true,"href":"https:\/\/centralmedia.rs\/index.php\/wp-json\/wp\/v2\/users\/2"}],"replies":[{"embeddable":true,"href":"https:\/\/centralmedia.rs\/index.php\/wp-json\/wp\/v2\/comments?post=35852"}],"version-history":[{"count":1,"href":"https:\/\/centralmedia.rs\/index.php\/wp-json\/wp\/v2\/posts\/35852\/revisions"}],"predecessor-version":[{"id":35858,"href":"https:\/\/centralmedia.rs\/index.php\/wp-json\/wp\/v2\/posts\/35852\/revisions\/35858"}],"wp:featuredmedia":[{"embeddable":true,"href":"https:\/\/centralmedia.rs\/index.php\/wp-json\/wp\/v2\/media\/35853"}],"wp:attachment":[{"href":"https:\/\/centralmedia.rs\/index.php\/wp-json\/wp\/v2\/media?parent=35852"}],"wp:term":[{"taxonomy":"category","embeddable":true,"href":"https:\/\/centralmedia.rs\/index.php\/wp-json\/wp\/v2\/categories?post=35852"},{"taxonomy":"post_tag","embeddable":true,"href":"https:\/\/centralmedia.rs\/index.php\/wp-json\/wp\/v2\/tags?post=35852"}],"curies":[{"name":"wp","href":"https:\/\/api.w.org\/{rel}","templated":true}]}}