{"id":3589,"date":"2016-07-04T11:38:58","date_gmt":"2016-07-04T11:38:58","guid":{"rendered":"http:\/\/centralmedia.rs\/?p=3589"},"modified":"2016-07-04T11:38:58","modified_gmt":"2016-07-04T11:38:58","slug":"poginuo-motorciklista","status":"publish","type":"post","link":"https:\/\/centralmedia.rs\/index.php\/2016\/07\/04\/poginuo-motorciklista\/","title":{"rendered":"POGINUO MOTORCIKLISTA"},"content":{"rendered":"<p>JAGODINA-Mu\u0161karac (41) iz Starog Lani\u0161ta kod Jagodine poginuo upravljaju\u0107i motorciklom kada je sleteo sa puta Jagodina-Ko\u010dino Selo. Nesre\u0107a se dogodila oko 5.30 sati u nedelju, a motorciklista je verovatno zbog prebrze vo\u017enje sleteo sa puta koji je na tom delu su\u017een zbog \u017ebunja i \u0161ume.<\/p>\n","protected":false},"excerpt":{"rendered":"<p>JAGODINA-Mu\u0161karac (41) iz Starog Lani\u0161ta kod Jagodine poginuo upravljaju\u0107i motorciklom kada je sleteo sa puta Jagodina-Ko\u010dino Selo. Nesre\u0107a se dogodila oko 5.30 sati u nedelju, &hellip; <\/p>\n","protected":false},"author":4,"featured_media":0,"comment_status":"open","ping_status":"open","sticky":false,"template":"","format":"standard","meta":{"footnotes":""},"categories":[20,2,12],"tags":[],"_links":{"self":[{"href":"https:\/\/centralmedia.rs\/index.php\/wp-json\/wp\/v2\/posts\/3589"}],"collection":[{"href":"https:\/\/centralmedia.rs\/index.php\/wp-json\/wp\/v2\/posts"}],"about":[{"href":"https:\/\/centralmedia.rs\/index.php\/wp-json\/wp\/v2\/types\/post"}],"author":[{"embeddable":true,"href":"https:\/\/centralmedia.rs\/index.php\/wp-json\/wp\/v2\/users\/4"}],"replies":[{"embeddable":true,"href":"https:\/\/centralmedia.rs\/index.php\/wp-json\/wp\/v2\/comments?post=3589"}],"version-history":[{"count":0,"href":"https:\/\/centralmedia.rs\/index.php\/wp-json\/wp\/v2\/posts\/3589\/revisions"}],"wp:attachment":[{"href":"https:\/\/centralmedia.rs\/index.php\/wp-json\/wp\/v2\/media?parent=3589"}],"wp:term":[{"taxonomy":"category","embeddable":true,"href":"https:\/\/centralmedia.rs\/index.php\/wp-json\/wp\/v2\/categories?post=3589"},{"taxonomy":"post_tag","embeddable":true,"href":"https:\/\/centralmedia.rs\/index.php\/wp-json\/wp\/v2\/tags?post=3589"}],"curies":[{"name":"wp","href":"https:\/\/api.w.org\/{rel}","templated":true}]}}