{"id":35906,"date":"2023-08-10T19:41:29","date_gmt":"2023-08-10T17:41:29","guid":{"rendered":"http:\/\/centralmedia.rs\/?p=35906"},"modified":"2023-08-10T19:42:00","modified_gmt":"2023-08-10T17:42:00","slug":"odbornik-u-skupstini-grada-nebojsa-tadic-novi-poverenik-zdrave-srbije-za-valjevo-kod-stamatovica-zbog-decentralizacije-i-tradicionalizma","status":"publish","type":"post","link":"https:\/\/centralmedia.rs\/index.php\/2023\/08\/10\/odbornik-u-skupstini-grada-nebojsa-tadic-novi-poverenik-zdrave-srbije-za-valjevo-kod-stamatovica-zbog-decentralizacije-i-tradicionalizma\/","title":{"rendered":"Odbornik u Skup\u0161tini grada Neboj\u0161a Tadi\u0107 novi poverenik Zdrave Srbije za Valjevo:   Kod Stamatovi\u0107a zbog decentralizacije i tradicionalizma"},"content":{"rendered":"<p>Ideologija Zdrave Srbije (ZS) je nacionalno demokratska, tradicionalisti\u010dka i konzervativna, to je ono \u0161to sam tra\u017eio, a nisam na\u0161ao u SPAS-u i SNS-u, jer ta opcija decenijama ne uspeva da se oslobodi od jugoslovenskih komunisti\u010dkih kadrova i bolesnog sistema koji dr\u017ei u zarobljeni\u0161tvu sve zdrave potencijale u Valjevu\u00a0 &#8211; objasnio je, u obra\u0107anju javnosti, motive svog prelaska u ZS, odbornik u valjevskom gradskom parlamentu i novi poverenik Zdrave Srbije za Valjevo Neboj\u0161a Tadi\u0107.<\/p>\n<p>-Predsednik Zdrave Srbije Milan Stamatovi\u0107, ve\u0107 nekoliko mandata upravlja op\u0161tinom \u010cajetina, odnosno Zlatiborom, uz veliku podr\u0161ku gra\u0111ana tog podneblja i cele Zapadne Srbije, sa jasnom politikom decentralizacije Srbije. Namera ZS i Stamatovi\u0107a da pro\u0161ire svoje delovanje i uticaj na Kolubarski okrug, kao i spremnost da svoja iskustva odli\u010dnog upravljanja lokalnim samoupravama prenesu na Valjevo, ubrzala je moju odluku da pristupim ovoj stranci, jer Valjevo, na \u017ealost, ve\u0107 decenijama nije potpuno u rukama valjevskih institucija i gra\u0111ana &#8211;\u00a0 poru\u010dio je Neboj\u0161a Tadi\u0107.<\/p>\n<p>On je najavio niz aktivnosti koje imaju za cilj omasovljavanje \u010dlanstva Zdrave Srbije u sklopu priprema za redovne lokalne i verovatne parlamentarne izbore, a svoje budu\u0107e delovanje kao odbornika u Skup\u0161tini grada, Tadi\u0107 je definisao kao opoziciono, uz mogu\u0107nost podr\u0161ke eventualnim predlozima koji bi bili od op\u0161teg zna\u010daja za razvoj Valjeva.<\/p>\n","protected":false},"excerpt":{"rendered":"<p>Ideologija Zdrave Srbije (ZS) je nacionalno demokratska, tradicionalisti\u010dka i konzervativna, to je ono \u0161to sam tra\u017eio, a nisam na\u0161ao u SPAS-u i SNS-u, jer ta &hellip; <\/p>\n","protected":false},"author":2,"featured_media":35907,"comment_status":"open","ping_status":"open","sticky":false,"template":"","format":"standard","meta":{"footnotes":""},"categories":[5787,2875,1524,2,13,887,12],"tags":[1794,3191],"_links":{"self":[{"href":"https:\/\/centralmedia.rs\/index.php\/wp-json\/wp\/v2\/posts\/35906"}],"collection":[{"href":"https:\/\/centralmedia.rs\/index.php\/wp-json\/wp\/v2\/posts"}],"about":[{"href":"https:\/\/centralmedia.rs\/index.php\/wp-json\/wp\/v2\/types\/post"}],"author":[{"embeddable":true,"href":"https:\/\/centralmedia.rs\/index.php\/wp-json\/wp\/v2\/users\/2"}],"replies":[{"embeddable":true,"href":"https:\/\/centralmedia.rs\/index.php\/wp-json\/wp\/v2\/comments?post=35906"}],"version-history":[{"count":1,"href":"https:\/\/centralmedia.rs\/index.php\/wp-json\/wp\/v2\/posts\/35906\/revisions"}],"predecessor-version":[{"id":35908,"href":"https:\/\/centralmedia.rs\/index.php\/wp-json\/wp\/v2\/posts\/35906\/revisions\/35908"}],"wp:featuredmedia":[{"embeddable":true,"href":"https:\/\/centralmedia.rs\/index.php\/wp-json\/wp\/v2\/media\/35907"}],"wp:attachment":[{"href":"https:\/\/centralmedia.rs\/index.php\/wp-json\/wp\/v2\/media?parent=35906"}],"wp:term":[{"taxonomy":"category","embeddable":true,"href":"https:\/\/centralmedia.rs\/index.php\/wp-json\/wp\/v2\/categories?post=35906"},{"taxonomy":"post_tag","embeddable":true,"href":"https:\/\/centralmedia.rs\/index.php\/wp-json\/wp\/v2\/tags?post=35906"}],"curies":[{"name":"wp","href":"https:\/\/api.w.org\/{rel}","templated":true}]}}