{"id":35913,"date":"2023-08-10T19:50:05","date_gmt":"2023-08-10T17:50:05","guid":{"rendered":"http:\/\/centralmedia.rs\/?p=35913"},"modified":"2023-08-16T19:49:06","modified_gmt":"2023-08-16T17:49:06","slug":"bioskop-pod-zvezdama-lutkarska-predstava-i-erupricija-vulkana-u-prirodnjackom-centru","status":"publish","type":"post","link":"https:\/\/centralmedia.rs\/index.php\/2023\/08\/10\/bioskop-pod-zvezdama-lutkarska-predstava-i-erupricija-vulkana-u-prirodnjackom-centru\/","title":{"rendered":"BIOSKOP POD ZVEZDAMA, LUTKARSKA PREDSTAVA I ERUPRICIJA VULKANA U PRIRODNJA\u010cKOM CENTRU"},"content":{"rendered":"<p>U petak u 20:30 drugi put ovog leta bi\u0107e odr\u017eana projekcija de\u010dijeg filma pod zvezdama u Prirodnja\u010dkom centru Srbije u Svilajncu. Na vreme rezervi\u0161ite mesto preko instagram profila, jer jo\u0161 jednom ovog leta imate priliku da u parku Prirodnja\u010dkog centra pod vedrim nebom odgledate film sa va\u0161im mali\u0161anima i stvorite im nezaboravno ve\u010de.<\/p>\n<div id='gallery-1' class='gallery galleryid-35913 gallery-columns-3 gallery-size-thumbnail'><figure class='gallery-item'>\n\t\t\t<div class='gallery-icon landscape'>\n\t\t\t\t<a href='https:\/\/centralmedia.rs\/index.php\/2023\/08\/10\/bioskop-pod-zvezdama-lutkarska-predstava-i-erupricija-vulkana-u-prirodnjackom-centru\/prirodnajcki-centar-4\/'><img loading=\"lazy\" decoding=\"async\" width=\"150\" height=\"150\" src=\"https:\/\/centralmedia.rs\/wp-content\/uploads\/2023\/08\/prirodnajcki-centar-150x150.jpg\" class=\"attachment-thumbnail size-thumbnail\" alt=\"\" srcset=\"https:\/\/centralmedia.rs\/wp-content\/uploads\/2023\/08\/prirodnajcki-centar-150x150.jpg 150w, https:\/\/centralmedia.rs\/wp-content\/uploads\/2023\/08\/prirodnajcki-centar-300x300.jpg 300w, https:\/\/centralmedia.rs\/wp-content\/uploads\/2023\/08\/prirodnajcki-centar-768x768.jpg 768w, https:\/\/centralmedia.rs\/wp-content\/uploads\/2023\/08\/prirodnajcki-centar-1024x1024.jpg 1024w, https:\/\/centralmedia.rs\/wp-content\/uploads\/2023\/08\/prirodnajcki-centar-420x420.jpg 420w, https:\/\/centralmedia.rs\/wp-content\/uploads\/2023\/08\/prirodnajcki-centar-640x640.jpg 640w, https:\/\/centralmedia.rs\/wp-content\/uploads\/2023\/08\/prirodnajcki-centar-681x681.jpg 681w, https:\/\/centralmedia.rs\/wp-content\/uploads\/2023\/08\/prirodnajcki-centar.jpg 1080w\" sizes=\"(max-width: 150px) 100vw, 150px\" \/><\/a>\n\t\t\t<\/div><\/figure><figure class='gallery-item'>\n\t\t\t<div class='gallery-icon landscape'>\n\t\t\t\t<a href='https:\/\/centralmedia.rs\/index.php\/2023\/08\/10\/bioskop-pod-zvezdama-lutkarska-predstava-i-erupricija-vulkana-u-prirodnjackom-centru\/prirodnajcki-centar1\/'><img loading=\"lazy\" decoding=\"async\" width=\"150\" height=\"150\" src=\"https:\/\/centralmedia.rs\/wp-content\/uploads\/2023\/08\/prirodnajcki-centar1-150x150.jpg\" class=\"attachment-thumbnail size-thumbnail\" alt=\"\" srcset=\"https:\/\/centralmedia.rs\/wp-content\/uploads\/2023\/08\/prirodnajcki-centar1-150x150.jpg 150w, https:\/\/centralmedia.rs\/wp-content\/uploads\/2023\/08\/prirodnajcki-centar1-300x300.jpg 300w, https:\/\/centralmedia.rs\/wp-content\/uploads\/2023\/08\/prirodnajcki-centar1-768x768.jpg 768w, https:\/\/centralmedia.rs\/wp-content\/uploads\/2023\/08\/prirodnajcki-centar1-1024x1024.jpg 1024w, https:\/\/centralmedia.rs\/wp-content\/uploads\/2023\/08\/prirodnajcki-centar1-420x420.jpg 420w, https:\/\/centralmedia.rs\/wp-content\/uploads\/2023\/08\/prirodnajcki-centar1-640x640.jpg 640w, https:\/\/centralmedia.rs\/wp-content\/uploads\/2023\/08\/prirodnajcki-centar1-681x681.jpg 681w, https:\/\/centralmedia.rs\/wp-content\/uploads\/2023\/08\/prirodnajcki-centar1.jpg 1080w\" sizes=\"(max-width: 150px) 100vw, 150px\" \/><\/a>\n\t\t\t<\/div><\/figure><figure class='gallery-item'>\n\t\t\t<div class='gallery-icon landscape'>\n\t\t\t\t<a href='https:\/\/centralmedia.rs\/index.php\/2023\/08\/10\/bioskop-pod-zvezdama-lutkarska-predstava-i-erupricija-vulkana-u-prirodnjackom-centru\/prirodnajcki-centar2\/'><img loading=\"lazy\" decoding=\"async\" width=\"150\" height=\"150\" src=\"https:\/\/centralmedia.rs\/wp-content\/uploads\/2023\/08\/prirodnajcki-centar2-150x150.jpg\" class=\"attachment-thumbnail size-thumbnail\" alt=\"\" srcset=\"https:\/\/centralmedia.rs\/wp-content\/uploads\/2023\/08\/prirodnajcki-centar2-150x150.jpg 150w, https:\/\/centralmedia.rs\/wp-content\/uploads\/2023\/08\/prirodnajcki-centar2-300x300.jpg 300w, https:\/\/centralmedia.rs\/wp-content\/uploads\/2023\/08\/prirodnajcki-centar2-768x768.jpg 768w, https:\/\/centralmedia.rs\/wp-content\/uploads\/2023\/08\/prirodnajcki-centar2-1024x1024.jpg 1024w, https:\/\/centralmedia.rs\/wp-content\/uploads\/2023\/08\/prirodnajcki-centar2-420x420.jpg 420w, https:\/\/centralmedia.rs\/wp-content\/uploads\/2023\/08\/prirodnajcki-centar2-640x640.jpg 640w, https:\/\/centralmedia.rs\/wp-content\/uploads\/2023\/08\/prirodnajcki-centar2-681x681.jpg 681w, https:\/\/centralmedia.rs\/wp-content\/uploads\/2023\/08\/prirodnajcki-centar2.jpg 1080w\" sizes=\"(max-width: 150px) 100vw, 150px\" \/><\/a>\n\t\t\t<\/div><\/figure>\n\t\t<\/div>\n\n<p>Za sve posetioce Prirodnja\u010dkog centra koji tog dana kupe ulaznicu, kao i za sve korisnike svilajna\u010dke kartice ulaz je BESPLATAN. Pojedina\u010dna ulaznica za samu projekciju je 300 dinara<\/p>\n<p>Predstoje\u0107i vikend u <a href=\"https:\/\/l.facebook.com\/l.php?u=https%3A%2F%2Fwww.instagram.com%2F_u%2Fprirodnjackicentarsrbije%3Ffbclid%3DIwAR0Xcl0GtWfEvHOwexyhLtKTtOVAItjrA8kiK2UWR9KLoQvxwj-5-vxUayM&amp;h=AT3AZOOVCqFzmJE5Jp0jRT9f6AqiU5G6qlTAyyFbYjgkhNH98W2UHLtFkYeIQIb4I0Co-qxfTeuTMY4JSDlqJqGlK2DKOU2mU4jJ2HDJ844AEjwhgQtS-C4DGBXK-hOzfg&amp;__tn__=-UK-R&amp;c%5b0%5d=AT3pWCaQ31oCqlA-GPNtZBrTquobXIreC60hEJlNu6SthDNEl3VNqhCEwsvDkEWi65OuYOj2Xea3qofkRs5b_HDNLAorp2kmx_0XPKKI_DjI7BlabSG7pySLMeUIrABxBOKJbuwCq8rLg64cmWyw9VvCyERx4Xpp00Pck9hwFS4b6XqeDLTSC59DxRlhIeIadMLY-6hH2kjH\">@prirodnjackicentarsrbije<\/a> bi\u0107e ispunjen raznim aktivnostima. U subotu u 19.00 najvljena je lutkarska predstava &#8216;Kad porastem bi\u0107u&#8230;&#8217;, a u nedelju jedna neverovatna radionica &#8216;Erupcija vulkana&#8217; u 11.00 i 16.00 .<\/p>\n<p>Vikend za porodicu, na jednom mestu gde su svi sre\u0107ni i zadovoljni.<\/p>\n<p>&nbsp;<\/p>\n","protected":false},"excerpt":{"rendered":"<p>U petak u 20:30 drugi put ovog leta bi\u0107e odr\u017eana projekcija de\u010dijeg filma pod zvezdama u Prirodnja\u010dkom centru Srbije u Svilajncu. Na vreme rezervi\u0161ite mesto &hellip; <\/p>\n","protected":false},"author":2,"featured_media":35914,"comment_status":"open","ping_status":"open","sticky":false,"template":"","format":"standard","meta":{"footnotes":""},"categories":[1524,2,887,5785,1517,3055],"tags":[3146,288,38],"_links":{"self":[{"href":"https:\/\/centralmedia.rs\/index.php\/wp-json\/wp\/v2\/posts\/35913"}],"collection":[{"href":"https:\/\/centralmedia.rs\/index.php\/wp-json\/wp\/v2\/posts"}],"about":[{"href":"https:\/\/centralmedia.rs\/index.php\/wp-json\/wp\/v2\/types\/post"}],"author":[{"embeddable":true,"href":"https:\/\/centralmedia.rs\/index.php\/wp-json\/wp\/v2\/users\/2"}],"replies":[{"embeddable":true,"href":"https:\/\/centralmedia.rs\/index.php\/wp-json\/wp\/v2\/comments?post=35913"}],"version-history":[{"count":1,"href":"https:\/\/centralmedia.rs\/index.php\/wp-json\/wp\/v2\/posts\/35913\/revisions"}],"predecessor-version":[{"id":35918,"href":"https:\/\/centralmedia.rs\/index.php\/wp-json\/wp\/v2\/posts\/35913\/revisions\/35918"}],"wp:featuredmedia":[{"embeddable":true,"href":"https:\/\/centralmedia.rs\/index.php\/wp-json\/wp\/v2\/media\/35914"}],"wp:attachment":[{"href":"https:\/\/centralmedia.rs\/index.php\/wp-json\/wp\/v2\/media?parent=35913"}],"wp:term":[{"taxonomy":"category","embeddable":true,"href":"https:\/\/centralmedia.rs\/index.php\/wp-json\/wp\/v2\/categories?post=35913"},{"taxonomy":"post_tag","embeddable":true,"href":"https:\/\/centralmedia.rs\/index.php\/wp-json\/wp\/v2\/tags?post=35913"}],"curies":[{"name":"wp","href":"https:\/\/api.w.org\/{rel}","templated":true}]}}