{"id":3594,"date":"2016-07-04T12:40:32","date_gmt":"2016-07-04T12:40:32","guid":{"rendered":"http:\/\/centralmedia.rs\/?p=3594"},"modified":"2017-01-20T01:44:54","modified_gmt":"2017-01-20T01:44:54","slug":"spomenik-knezu-lazaru","status":"publish","type":"post","link":"https:\/\/centralmedia.rs\/index.php\/2016\/07\/04\/spomenik-knezu-lazaru\/","title":{"rendered":"SPOMENIK KNEZU LAZARU"},"content":{"rendered":"<p>\u0106UPRIJA-Predsednik op\u0161tine \u0106uprija Ninoslav Eri\u0107 izjavio je da \u0107e ta op\u0161tina podi\u0107i spomenik knezu Lazaru Hrebeljanovi\u0107u, kako bi se odu\u017eila ovom vladaru i svim srpskim ratnicima palim u Kosovskom boju na Vidovdan, 28. juna (po novom kalendaru) 1389. godine.<br \/>\n-Ono \u0161to su knez Lazar i svi ratnici pali 1389. godine dali svima nama, to treba \u010duvati i po\u0161tovati. Oni su dali temelj razvoja srpskog naroda i utemeljenje za slobodu. Zato \u0106uprija ima obavezu da postavi spomenik knezu Lazaru, najavio je Eri\u0107.<br \/>\nIdeja je da spomenik bude postavljen na ulazu u \u0106upriju sa auto-puta i gleda\u0107e ka manastiru Ravanica, zadu\u017ebini kneza Lazara, u kojoj se nalaze njegove mo\u0161ti. Rok za postavljanje spomenika je dve godine i to je predvidjeno u strategiji razvoja op\u0161tine \u0106uprija od 2016. do 2020. godine.<\/p>\n<p><strong><em>Pozitivni primeri Razglednica iz <\/em><\/strong><strong><em>\u0106uprije<\/em><\/strong><strong><em> \u2013 Projekat se realizuje uz pomo\u0107 sredstava iz bud\u017eeta Op\u0161tine \u0106uprija.<\/em><\/strong><\/p>\n<p>&nbsp;<\/p>\n","protected":false},"excerpt":{"rendered":"<p>\u0106UPRIJA-Predsednik op\u0161tine \u0106uprija Ninoslav Eri\u0107 izjavio je da \u0107e ta op\u0161tina podi\u0107i spomenik knezu Lazaru Hrebeljanovi\u0107u, kako bi se odu\u017eila ovom vladaru i svim srpskim &hellip; <\/p>\n","protected":false},"author":4,"featured_media":3595,"comment_status":"open","ping_status":"open","sticky":false,"template":"","format":"standard","meta":{"footnotes":""},"categories":[1515,1524,2,887,12],"tags":[44,931,932],"_links":{"self":[{"href":"https:\/\/centralmedia.rs\/index.php\/wp-json\/wp\/v2\/posts\/3594"}],"collection":[{"href":"https:\/\/centralmedia.rs\/index.php\/wp-json\/wp\/v2\/posts"}],"about":[{"href":"https:\/\/centralmedia.rs\/index.php\/wp-json\/wp\/v2\/types\/post"}],"author":[{"embeddable":true,"href":"https:\/\/centralmedia.rs\/index.php\/wp-json\/wp\/v2\/users\/4"}],"replies":[{"embeddable":true,"href":"https:\/\/centralmedia.rs\/index.php\/wp-json\/wp\/v2\/comments?post=3594"}],"version-history":[{"count":0,"href":"https:\/\/centralmedia.rs\/index.php\/wp-json\/wp\/v2\/posts\/3594\/revisions"}],"wp:featuredmedia":[{"embeddable":true,"href":"https:\/\/centralmedia.rs\/index.php\/wp-json\/wp\/v2\/media\/3595"}],"wp:attachment":[{"href":"https:\/\/centralmedia.rs\/index.php\/wp-json\/wp\/v2\/media?parent=3594"}],"wp:term":[{"taxonomy":"category","embeddable":true,"href":"https:\/\/centralmedia.rs\/index.php\/wp-json\/wp\/v2\/categories?post=3594"},{"taxonomy":"post_tag","embeddable":true,"href":"https:\/\/centralmedia.rs\/index.php\/wp-json\/wp\/v2\/tags?post=3594"}],"curies":[{"name":"wp","href":"https:\/\/api.w.org\/{rel}","templated":true}]}}