{"id":35944,"date":"2023-08-17T18:25:51","date_gmt":"2023-08-17T16:25:51","guid":{"rendered":"http:\/\/centralmedia.rs\/?p=35944"},"modified":"2023-08-22T16:54:31","modified_gmt":"2023-08-22T14:54:31","slug":"delegacija-evropske-unije-u-srbiji-posetila-svilajnac","status":"publish","type":"post","link":"https:\/\/centralmedia.rs\/index.php\/2023\/08\/17\/delegacija-evropske-unije-u-srbiji-posetila-svilajnac\/","title":{"rendered":"DELEGACIJA EVROPSKE UNIJE U SRBIJI  POSETILA SVILAJNAC"},"content":{"rendered":"<p>SVILAJNAC-\u0160ef odeljenja za saradnju Delegacije Evropske unije u Srbiji Nikola Bertolini posetio je danas op\u0161tinu Svilajnac i tom prilikom obi\u0161ao projekte koji su sprovedeni uz podr\u0161ku Evropske unije. Obi\u0161li su zgradu za socijalno stanovanje izgra\u0111enu u okviru programa \u201ePodr\u0161ka Evropske unije socijalnom stanovanju i aktivnoj inkluziji\u2019\u2019, a zatim su obi\u0161li Novu industrijsku zonu \u010dije infrastrukturno opremanje je podr\u017eala Evropska unija, kao i projekat za\u0161tite od poplava koji je EU finansirala, a koji podrazumeva regulaciju korita Resave. Svi projekti koji su podr\u017eani od strane Evropske unije za cilj su imali unapre\u0111enje kvaliteta \u017eivota gra\u0111ana.<\/p>\n<div id='gallery-1' class='gallery galleryid-35944 gallery-columns-7 gallery-size-thumbnail'><figure class='gallery-item'>\n\t\t\t<div class='gallery-icon landscape'>\n\t\t\t\t<a href='https:\/\/centralmedia.rs\/index.php\/2023\/08\/17\/delegacija-evropske-unije-u-srbiji-posetila-svilajnac\/delegacija-2\/'><img loading=\"lazy\" decoding=\"async\" width=\"150\" height=\"150\" src=\"https:\/\/centralmedia.rs\/wp-content\/uploads\/2023\/08\/DELEGACIJA-150x150.jpg\" class=\"attachment-thumbnail size-thumbnail\" alt=\"\" \/><\/a>\n\t\t\t<\/div><\/figure><figure class='gallery-item'>\n\t\t\t<div class='gallery-icon landscape'>\n\t\t\t\t<a href='https:\/\/centralmedia.rs\/index.php\/2023\/08\/17\/delegacija-evropske-unije-u-srbiji-posetila-svilajnac\/delegacija1\/'><img loading=\"lazy\" decoding=\"async\" width=\"150\" height=\"150\" src=\"https:\/\/centralmedia.rs\/wp-content\/uploads\/2023\/08\/DELEGACIJA1-150x150.jpg\" class=\"attachment-thumbnail size-thumbnail\" alt=\"\" \/><\/a>\n\t\t\t<\/div><\/figure><figure class='gallery-item'>\n\t\t\t<div class='gallery-icon landscape'>\n\t\t\t\t<a href='https:\/\/centralmedia.rs\/index.php\/2023\/08\/17\/delegacija-evropske-unije-u-srbiji-posetila-svilajnac\/delegacija2\/'><img loading=\"lazy\" decoding=\"async\" width=\"150\" height=\"150\" src=\"https:\/\/centralmedia.rs\/wp-content\/uploads\/2023\/08\/DELEGACIJA2-150x150.jpg\" class=\"attachment-thumbnail size-thumbnail\" alt=\"\" \/><\/a>\n\t\t\t<\/div><\/figure><figure class='gallery-item'>\n\t\t\t<div class='gallery-icon landscape'>\n\t\t\t\t<a href='https:\/\/centralmedia.rs\/index.php\/2023\/08\/17\/delegacija-evropske-unije-u-srbiji-posetila-svilajnac\/delegacija4\/'><img loading=\"lazy\" decoding=\"async\" width=\"150\" height=\"150\" src=\"https:\/\/centralmedia.rs\/wp-content\/uploads\/2023\/08\/DELEGACIJA4-150x150.jpg\" class=\"attachment-thumbnail size-thumbnail\" alt=\"\" \/><\/a>\n\t\t\t<\/div><\/figure><figure class='gallery-item'>\n\t\t\t<div class='gallery-icon landscape'>\n\t\t\t\t<a href='https:\/\/centralmedia.rs\/index.php\/2023\/08\/17\/delegacija-evropske-unije-u-srbiji-posetila-svilajnac\/delegacija5\/'><img loading=\"lazy\" decoding=\"async\" width=\"150\" height=\"150\" src=\"https:\/\/centralmedia.rs\/wp-content\/uploads\/2023\/08\/DELEGACIJA5-150x150.jpg\" class=\"attachment-thumbnail size-thumbnail\" alt=\"\" \/><\/a>\n\t\t\t<\/div><\/figure><figure class='gallery-item'>\n\t\t\t<div class='gallery-icon landscape'>\n\t\t\t\t<a href='https:\/\/centralmedia.rs\/index.php\/2023\/08\/17\/delegacija-evropske-unije-u-srbiji-posetila-svilajnac\/delegacija6\/'><img loading=\"lazy\" decoding=\"async\" width=\"150\" height=\"150\" src=\"https:\/\/centralmedia.rs\/wp-content\/uploads\/2023\/08\/DELEGACIJA6-150x150.jpg\" class=\"attachment-thumbnail size-thumbnail\" alt=\"\" \/><\/a>\n\t\t\t<\/div><\/figure><figure class='gallery-item'>\n\t\t\t<div class='gallery-icon landscape'>\n\t\t\t\t<a href='https:\/\/centralmedia.rs\/index.php\/2023\/08\/17\/delegacija-evropske-unije-u-srbiji-posetila-svilajnac\/delegacija3\/'><img loading=\"lazy\" decoding=\"async\" width=\"150\" height=\"150\" src=\"https:\/\/centralmedia.rs\/wp-content\/uploads\/2023\/08\/DELEGACIJA3-150x150.jpg\" class=\"attachment-thumbnail size-thumbnail\" alt=\"\" \/><\/a>\n\t\t\t<\/div><\/figure>\n\t\t<\/div>\n\n<p>Predsednik op\u0161tine Svilajnac Predrag Milanovi\u0107 zahvalio se delegaciji Evropske unije na dugogodi\u0161njoj podr\u0161ci i saradnji:<\/p>\n<p>\u201eEvropska unija je najve\u0107i donator op\u0161tine Svilajnac i da nije njihove podr\u0161ke ne bismo uspeli da realizujemo brojne projekte, iz gotovo svih oblasti, koji su doprineli boljem \u017eivotu na\u0161ih gra\u0111ana. Naro\u010dito su zaslu\u017eni za saniranje posledica nakon poplava 2014. godine i za to \u0161to smo danas bezbedniji od takvih elementarnih nepogoda. Op\u0161tina Svilajnac jedna je od op\u0161tina koje neguju vrednosti Evropske unije i koja je nosilac razvoja, a to svakako ne bismo bili bez podr\u0161ke Delegacije EU\u201c \u2013 izjavio je Milanovi\u0107 jo\u0161 jednom se zahvaliv\u0161i gra\u0111anima Evropske unije, Delegaciji EU u Srbiji i svim saradnicima na projektima.<\/p>\n<p>\u0160ef Odeljenja za saradnju Delegacije Evropske unije u Srbiji Nikola Bertolini rekao je da Evropska unija podr\u017eava projekte koji doprinose boljem kvalitetu \u017eivota gra\u0111ana kroz unapre\u0111enje infrastrukture, socijalnih usluga i konkurentnosti lokalnih privreda:<\/p>\n<p>\u201eSvi projekti koji su podr\u017eani od strane Evropske unije za cilj su imali unapre\u0111enje kvaliteta \u017eivota gra\u0111ana. U Svilajncu imamo sjajan primer saradnje lokalne samouprave sa institucijama Evropske unije i znam da mnogi ambasadori i predstvnici vole ovde da dolaze, jer vole da vide ovako razvijenu op\u0161tinu u skladu sa Evropskom unijom. Svi projekti koji su do sada ra\u0111eni realizovani su kako treba, dobro se odr\u017eavaju i to je su\u0161tinska stvar kojom \u0107e se privu\u0107i i dodatna sredstva i podr\u0161ka.\u201c<\/p>\n","protected":false},"excerpt":{"rendered":"<p>SVILAJNAC-\u0160ef odeljenja za saradnju Delegacije Evropske unije u Srbiji Nikola Bertolini posetio je danas op\u0161tinu Svilajnac i tom prilikom obi\u0161ao projekte koji su sprovedeni uz &hellip; <\/p>\n","protected":false},"author":2,"featured_media":35945,"comment_status":"open","ping_status":"open","sticky":false,"template":"","format":"standard","meta":{"footnotes":""},"categories":[1524,2,13,887,12,1517,5785],"tags":[6293,39,38],"_links":{"self":[{"href":"https:\/\/centralmedia.rs\/index.php\/wp-json\/wp\/v2\/posts\/35944"}],"collection":[{"href":"https:\/\/centralmedia.rs\/index.php\/wp-json\/wp\/v2\/posts"}],"about":[{"href":"https:\/\/centralmedia.rs\/index.php\/wp-json\/wp\/v2\/types\/post"}],"author":[{"embeddable":true,"href":"https:\/\/centralmedia.rs\/index.php\/wp-json\/wp\/v2\/users\/2"}],"replies":[{"embeddable":true,"href":"https:\/\/centralmedia.rs\/index.php\/wp-json\/wp\/v2\/comments?post=35944"}],"version-history":[{"count":1,"href":"https:\/\/centralmedia.rs\/index.php\/wp-json\/wp\/v2\/posts\/35944\/revisions"}],"predecessor-version":[{"id":35952,"href":"https:\/\/centralmedia.rs\/index.php\/wp-json\/wp\/v2\/posts\/35944\/revisions\/35952"}],"wp:featuredmedia":[{"embeddable":true,"href":"https:\/\/centralmedia.rs\/index.php\/wp-json\/wp\/v2\/media\/35945"}],"wp:attachment":[{"href":"https:\/\/centralmedia.rs\/index.php\/wp-json\/wp\/v2\/media?parent=35944"}],"wp:term":[{"taxonomy":"category","embeddable":true,"href":"https:\/\/centralmedia.rs\/index.php\/wp-json\/wp\/v2\/categories?post=35944"},{"taxonomy":"post_tag","embeddable":true,"href":"https:\/\/centralmedia.rs\/index.php\/wp-json\/wp\/v2\/tags?post=35944"}],"curies":[{"name":"wp","href":"https:\/\/api.w.org\/{rel}","templated":true}]}}