{"id":3601,"date":"2016-07-04T12:53:04","date_gmt":"2016-07-04T12:53:04","guid":{"rendered":"http:\/\/centralmedia.rs\/?p=3601"},"modified":"2017-01-20T01:43:20","modified_gmt":"2017-01-20T01:43:20","slug":"ravanica-dobila-direktora","status":"publish","type":"post","link":"https:\/\/centralmedia.rs\/index.php\/2016\/07\/04\/ravanica-dobila-direktora\/","title":{"rendered":"RAVANICA DOBILA DIREKTORA"},"content":{"rendered":"<p>\u0106UPRIJA-Posle jednomese\u010dne opstrukcije, Mikica Spasi\u0107 preuzeo je funkciju direktora dr\u017eavnog konditorskog preduze\u0107a Ravanica u \u0106upriji. Krajem pro\u0161le godine to preduze\u0107e je odlukom Vlade Srbije podr\u017eavljeno, a zatim su usledile statusne promene.<\/p>\n<figure id=\"attachment_3603\" aria-describedby=\"caption-attachment-3603\" style=\"width: 180px\" class=\"wp-caption alignnone\"><a href=\"https:\/\/centralmedia.rs\/wp-content\/uploads\/2016\/07\/mikica-spasic-cuprija-g.j..jpg\"><img loading=\"lazy\" decoding=\"async\" class=\"size-full wp-image-3603\" src=\"https:\/\/centralmedia.rs\/wp-content\/uploads\/2016\/07\/mikica-spasic-cuprija-g.j..jpg\" alt=\"Mikica Spasi\u0107\" width=\"180\" height=\"128\" srcset=\"https:\/\/centralmedia.rs\/wp-content\/uploads\/2016\/07\/mikica-spasic-cuprija-g.j..jpg 180w, https:\/\/centralmedia.rs\/wp-content\/uploads\/2016\/07\/mikica-spasic-cuprija-g.j.-100x70.jpg 100w\" sizes=\"(max-width: 180px) 100vw, 180px\" \/><\/a><figcaption id=\"caption-attachment-3603\" class=\"wp-caption-text\">Mikica Spasi\u0107<\/figcaption><\/figure>\n<p>Spasi\u0107 je po\u010detkom maja postavljen za direktora, me\u0111utim, zbog opstrukcije biv\u0161eg rukovodstva tek 1 jula je obavljena primopredaja. Po njegovim re\u010dima produktivnost u Ravanici je ,,deset puta manja od konkurencije\u201c, te je njegov zadatak da uposli zaposlene i prona\u0111e nove kupce. Glavni cilj je uspe\u0161na privatizacija Ravanice.<\/p>\n<p><strong><em>Pozitivni primeri Razglednica iz <\/em><\/strong><strong><em>\u0106uprije<\/em><\/strong><strong><em> \u2013 Projekat se realizuje uz pomo\u0107 sredstava iz bud\u017eeta Op\u0161tine \u0106uprija.<\/em><\/strong><\/p>\n","protected":false},"excerpt":{"rendered":"<p>\u0106UPRIJA-Posle jednomese\u010dne opstrukcije, Mikica Spasi\u0107 preuzeo je funkciju direktora dr\u017eavnog konditorskog preduze\u0107a Ravanica u \u0106upriji. Krajem pro\u0161le godine to preduze\u0107e je odlukom Vlade Srbije podr\u017eavljeno, &hellip; <\/p>\n","protected":false},"author":4,"featured_media":3602,"comment_status":"open","ping_status":"open","sticky":false,"template":"","format":"standard","meta":{"footnotes":""},"categories":[22,1515,1524,2,887,12],"tags":[935,936,386],"_links":{"self":[{"href":"https:\/\/centralmedia.rs\/index.php\/wp-json\/wp\/v2\/posts\/3601"}],"collection":[{"href":"https:\/\/centralmedia.rs\/index.php\/wp-json\/wp\/v2\/posts"}],"about":[{"href":"https:\/\/centralmedia.rs\/index.php\/wp-json\/wp\/v2\/types\/post"}],"author":[{"embeddable":true,"href":"https:\/\/centralmedia.rs\/index.php\/wp-json\/wp\/v2\/users\/4"}],"replies":[{"embeddable":true,"href":"https:\/\/centralmedia.rs\/index.php\/wp-json\/wp\/v2\/comments?post=3601"}],"version-history":[{"count":0,"href":"https:\/\/centralmedia.rs\/index.php\/wp-json\/wp\/v2\/posts\/3601\/revisions"}],"wp:featuredmedia":[{"embeddable":true,"href":"https:\/\/centralmedia.rs\/index.php\/wp-json\/wp\/v2\/media\/3602"}],"wp:attachment":[{"href":"https:\/\/centralmedia.rs\/index.php\/wp-json\/wp\/v2\/media?parent=3601"}],"wp:term":[{"taxonomy":"category","embeddable":true,"href":"https:\/\/centralmedia.rs\/index.php\/wp-json\/wp\/v2\/categories?post=3601"},{"taxonomy":"post_tag","embeddable":true,"href":"https:\/\/centralmedia.rs\/index.php\/wp-json\/wp\/v2\/tags?post=3601"}],"curies":[{"name":"wp","href":"https:\/\/api.w.org\/{rel}","templated":true}]}}