{"id":36023,"date":"2023-08-28T00:36:48","date_gmt":"2023-08-27T22:36:48","guid":{"rendered":"http:\/\/centralmedia.rs\/?p=36023"},"modified":"2023-08-30T12:02:35","modified_gmt":"2023-08-30T10:02:35","slug":"viteski-festival-despot-stefan-lazarevic-i-koncert-dejana-petrovica-i-big-benda","status":"publish","type":"post","link":"https:\/\/centralmedia.rs\/index.php\/2023\/08\/28\/viteski-festival-despot-stefan-lazarevic-i-koncert-dejana-petrovica-i-big-benda\/","title":{"rendered":"VITE\u0160KI FESTIVAL ,,DESPOT STEFAN LAZAREVI\u0106\u201d I KONCERT DEJANA PETROVI\u0106A I BIG BENDA"},"content":{"rendered":"<p>Nekoliko desetina hiljada posetilaca pozdravilo je u\u010desnike Vite\u0161kog festivala ,,Despoto Stefan Lazarevi\u0107\u201d u arhai\u010dnom ambijetu Milivske klisure kod Despotovca koji se nije menjao kroz vekove, kamena crkva, klisura, reka Milivka\u2026. Festival je do\u017eiveo veliki uspeh i odr\u017ean u okviru 31. Dana srpskoga duhovnog preobra\u017eenja, uprkos nevi\u0111enoj i neprimerenoj negativnoj kampanji preko dru\u0161tevnih mre\u017ea i portala, kao i nerazumnim komentarima prethodnih organizatora koji su u istom terminu odr\u017eali sli\u010dni festival u Beogradu.<\/p>\n<div id='gallery-1' class='gallery galleryid-36023 gallery-columns-9 gallery-size-thumbnail'><figure class='gallery-item'>\n\t\t\t<div class='gallery-icon portrait'>\n\t\t\t\t<a href='https:\/\/centralmedia.rs\/index.php\/2023\/08\/28\/viteski-festival-despot-stefan-lazarevic-i-koncert-dejana-petrovica-i-big-benda\/vitezovi-3\/'><img loading=\"lazy\" decoding=\"async\" width=\"150\" height=\"150\" src=\"https:\/\/centralmedia.rs\/wp-content\/uploads\/2023\/08\/vitezovi-1-150x150.jpg\" class=\"attachment-thumbnail size-thumbnail\" alt=\"\" srcset=\"https:\/\/centralmedia.rs\/wp-content\/uploads\/2023\/08\/vitezovi-1-150x150.jpg 150w, https:\/\/centralmedia.rs\/wp-content\/uploads\/2023\/08\/vitezovi-1-300x300.jpg 300w, https:\/\/centralmedia.rs\/wp-content\/uploads\/2023\/08\/vitezovi-1-768x770.jpg 768w, https:\/\/centralmedia.rs\/wp-content\/uploads\/2023\/08\/vitezovi-1-1021x1024.jpg 1021w, https:\/\/centralmedia.rs\/wp-content\/uploads\/2023\/08\/vitezovi-1-419x420.jpg 419w, https:\/\/centralmedia.rs\/wp-content\/uploads\/2023\/08\/vitezovi-1-640x642.jpg 640w, https:\/\/centralmedia.rs\/wp-content\/uploads\/2023\/08\/vitezovi-1-681x683.jpg 681w, https:\/\/centralmedia.rs\/wp-content\/uploads\/2023\/08\/vitezovi-1.jpg 1795w\" sizes=\"(max-width: 150px) 100vw, 150px\" \/><\/a>\n\t\t\t<\/div><\/figure><figure class='gallery-item'>\n\t\t\t<div class='gallery-icon portrait'>\n\t\t\t\t<a href='https:\/\/centralmedia.rs\/index.php\/2023\/08\/28\/viteski-festival-despot-stefan-lazarevic-i-koncert-dejana-petrovica-i-big-benda\/vitezovi1-2\/'><img loading=\"lazy\" decoding=\"async\" width=\"150\" height=\"150\" src=\"https:\/\/centralmedia.rs\/wp-content\/uploads\/2023\/08\/vitezovi1-1-150x150.jpg\" class=\"attachment-thumbnail size-thumbnail\" alt=\"\" srcset=\"https:\/\/centralmedia.rs\/wp-content\/uploads\/2023\/08\/vitezovi1-1-150x150.jpg 150w, https:\/\/centralmedia.rs\/wp-content\/uploads\/2023\/08\/vitezovi1-1-300x300.jpg 300w, https:\/\/centralmedia.rs\/wp-content\/uploads\/2023\/08\/vitezovi1-1-768x769.jpg 768w, https:\/\/centralmedia.rs\/wp-content\/uploads\/2023\/08\/vitezovi1-1-1024x1024.jpg 1024w, https:\/\/centralmedia.rs\/wp-content\/uploads\/2023\/08\/vitezovi1-1-420x420.jpg 420w, https:\/\/centralmedia.rs\/wp-content\/uploads\/2023\/08\/vitezovi1-1-640x641.jpg 640w, https:\/\/centralmedia.rs\/wp-content\/uploads\/2023\/08\/vitezovi1-1-681x682.jpg 681w, https:\/\/centralmedia.rs\/wp-content\/uploads\/2023\/08\/vitezovi1-1.jpg 1798w\" sizes=\"(max-width: 150px) 100vw, 150px\" \/><\/a>\n\t\t\t<\/div><\/figure><figure class='gallery-item'>\n\t\t\t<div class='gallery-icon landscape'>\n\t\t\t\t<a href='https:\/\/centralmedia.rs\/index.php\/2023\/08\/28\/viteski-festival-despot-stefan-lazarevic-i-koncert-dejana-petrovica-i-big-benda\/vitezovi2-2\/'><img loading=\"lazy\" decoding=\"async\" width=\"150\" height=\"150\" src=\"https:\/\/centralmedia.rs\/wp-content\/uploads\/2023\/08\/vitezovi2-1-150x150.jpg\" class=\"attachment-thumbnail size-thumbnail\" alt=\"\" srcset=\"https:\/\/centralmedia.rs\/wp-content\/uploads\/2023\/08\/vitezovi2-1-150x150.jpg 150w, https:\/\/centralmedia.rs\/wp-content\/uploads\/2023\/08\/vitezovi2-1-300x300.jpg 300w, https:\/\/centralmedia.rs\/wp-content\/uploads\/2023\/08\/vitezovi2-1-768x765.jpg 768w, https:\/\/centralmedia.rs\/wp-content\/uploads\/2023\/08\/vitezovi2-1-1024x1020.jpg 1024w, https:\/\/centralmedia.rs\/wp-content\/uploads\/2023\/08\/vitezovi2-1-422x420.jpg 422w, https:\/\/centralmedia.rs\/wp-content\/uploads\/2023\/08\/vitezovi2-1-640x638.jpg 640w, https:\/\/centralmedia.rs\/wp-content\/uploads\/2023\/08\/vitezovi2-1-681x678.jpg 681w, https:\/\/centralmedia.rs\/wp-content\/uploads\/2023\/08\/vitezovi2-1.jpg 1800w\" sizes=\"(max-width: 150px) 100vw, 150px\" \/><\/a>\n\t\t\t<\/div><\/figure><figure class='gallery-item'>\n\t\t\t<div class='gallery-icon portrait'>\n\t\t\t\t<a href='https:\/\/centralmedia.rs\/index.php\/2023\/08\/28\/viteski-festival-despot-stefan-lazarevic-i-koncert-dejana-petrovica-i-big-benda\/vitezovi3-2\/'><img loading=\"lazy\" decoding=\"async\" width=\"150\" height=\"150\" src=\"https:\/\/centralmedia.rs\/wp-content\/uploads\/2023\/08\/vitezovi3-1-150x150.jpg\" class=\"attachment-thumbnail size-thumbnail\" alt=\"\" srcset=\"https:\/\/centralmedia.rs\/wp-content\/uploads\/2023\/08\/vitezovi3-1-150x150.jpg 150w, https:\/\/centralmedia.rs\/wp-content\/uploads\/2023\/08\/vitezovi3-1-300x300.jpg 300w, https:\/\/centralmedia.rs\/wp-content\/uploads\/2023\/08\/vitezovi3-1-768x771.jpg 768w, https:\/\/centralmedia.rs\/wp-content\/uploads\/2023\/08\/vitezovi3-1-1020x1024.jpg 1020w, https:\/\/centralmedia.rs\/wp-content\/uploads\/2023\/08\/vitezovi3-1-418x420.jpg 418w, https:\/\/centralmedia.rs\/wp-content\/uploads\/2023\/08\/vitezovi3-1-640x642.jpg 640w, https:\/\/centralmedia.rs\/wp-content\/uploads\/2023\/08\/vitezovi3-1-681x684.jpg 681w, https:\/\/centralmedia.rs\/wp-content\/uploads\/2023\/08\/vitezovi3-1.jpg 1793w\" sizes=\"(max-width: 150px) 100vw, 150px\" \/><\/a>\n\t\t\t<\/div><\/figure><figure class='gallery-item'>\n\t\t\t<div class='gallery-icon landscape'>\n\t\t\t\t<a href='https:\/\/centralmedia.rs\/index.php\/2023\/08\/28\/viteski-festival-despot-stefan-lazarevic-i-koncert-dejana-petrovica-i-big-benda\/vitezovi4-2\/'><img loading=\"lazy\" decoding=\"async\" width=\"150\" height=\"150\" src=\"https:\/\/centralmedia.rs\/wp-content\/uploads\/2023\/08\/vitezovi4-1-150x150.jpg\" class=\"attachment-thumbnail size-thumbnail\" alt=\"\" srcset=\"https:\/\/centralmedia.rs\/wp-content\/uploads\/2023\/08\/vitezovi4-1-150x150.jpg 150w, https:\/\/centralmedia.rs\/wp-content\/uploads\/2023\/08\/vitezovi4-1-300x300.jpg 300w, https:\/\/centralmedia.rs\/wp-content\/uploads\/2023\/08\/vitezovi4-1-768x768.jpg 768w, https:\/\/centralmedia.rs\/wp-content\/uploads\/2023\/08\/vitezovi4-1-1024x1024.jpg 1024w, https:\/\/centralmedia.rs\/wp-content\/uploads\/2023\/08\/vitezovi4-1-420x420.jpg 420w, https:\/\/centralmedia.rs\/wp-content\/uploads\/2023\/08\/vitezovi4-1-640x640.jpg 640w, https:\/\/centralmedia.rs\/wp-content\/uploads\/2023\/08\/vitezovi4-1-681x681.jpg 681w, https:\/\/centralmedia.rs\/wp-content\/uploads\/2023\/08\/vitezovi4-1.jpg 1800w\" sizes=\"(max-width: 150px) 100vw, 150px\" \/><\/a>\n\t\t\t<\/div><\/figure><figure class='gallery-item'>\n\t\t\t<div class='gallery-icon landscape'>\n\t\t\t\t<a href='https:\/\/centralmedia.rs\/index.php\/2023\/08\/28\/viteski-festival-despot-stefan-lazarevic-i-koncert-dejana-petrovica-i-big-benda\/vitezovi5\/'><img loading=\"lazy\" decoding=\"async\" width=\"150\" height=\"150\" src=\"https:\/\/centralmedia.rs\/wp-content\/uploads\/2023\/08\/vitezovi5-150x150.jpg\" class=\"attachment-thumbnail size-thumbnail\" alt=\"\" srcset=\"https:\/\/centralmedia.rs\/wp-content\/uploads\/2023\/08\/vitezovi5-150x150.jpg 150w, https:\/\/centralmedia.rs\/wp-content\/uploads\/2023\/08\/vitezovi5-300x300.jpg 300w, https:\/\/centralmedia.rs\/wp-content\/uploads\/2023\/08\/vitezovi5-768x768.jpg 768w, https:\/\/centralmedia.rs\/wp-content\/uploads\/2023\/08\/vitezovi5-1024x1024.jpg 1024w, https:\/\/centralmedia.rs\/wp-content\/uploads\/2023\/08\/vitezovi5-420x420.jpg 420w, https:\/\/centralmedia.rs\/wp-content\/uploads\/2023\/08\/vitezovi5-640x640.jpg 640w, https:\/\/centralmedia.rs\/wp-content\/uploads\/2023\/08\/vitezovi5-681x681.jpg 681w, https:\/\/centralmedia.rs\/wp-content\/uploads\/2023\/08\/vitezovi5.jpg 1800w\" sizes=\"(max-width: 150px) 100vw, 150px\" \/><\/a>\n\t\t\t<\/div><\/figure><figure class='gallery-item'>\n\t\t\t<div class='gallery-icon portrait'>\n\t\t\t\t<a href='https:\/\/centralmedia.rs\/index.php\/2023\/08\/28\/viteski-festival-despot-stefan-lazarevic-i-koncert-dejana-petrovica-i-big-benda\/vitezovi7\/'><img loading=\"lazy\" decoding=\"async\" width=\"150\" height=\"150\" src=\"https:\/\/centralmedia.rs\/wp-content\/uploads\/2023\/08\/vitezovi7-150x150.jpg\" class=\"attachment-thumbnail size-thumbnail\" alt=\"\" srcset=\"https:\/\/centralmedia.rs\/wp-content\/uploads\/2023\/08\/vitezovi7-150x150.jpg 150w, https:\/\/centralmedia.rs\/wp-content\/uploads\/2023\/08\/vitezovi7-300x300.jpg 300w, https:\/\/centralmedia.rs\/wp-content\/uploads\/2023\/08\/vitezovi7-768x769.jpg 768w, https:\/\/centralmedia.rs\/wp-content\/uploads\/2023\/08\/vitezovi7-1024x1024.jpg 1024w, https:\/\/centralmedia.rs\/wp-content\/uploads\/2023\/08\/vitezovi7-420x420.jpg 420w, https:\/\/centralmedia.rs\/wp-content\/uploads\/2023\/08\/vitezovi7-640x641.jpg 640w, https:\/\/centralmedia.rs\/wp-content\/uploads\/2023\/08\/vitezovi7-681x682.jpg 681w, https:\/\/centralmedia.rs\/wp-content\/uploads\/2023\/08\/vitezovi7.jpg 1798w\" sizes=\"(max-width: 150px) 100vw, 150px\" \/><\/a>\n\t\t\t<\/div><\/figure><figure class='gallery-item'>\n\t\t\t<div class='gallery-icon portrait'>\n\t\t\t\t<a href='https:\/\/centralmedia.rs\/index.php\/2023\/08\/28\/viteski-festival-despot-stefan-lazarevic-i-koncert-dejana-petrovica-i-big-benda\/dejan-petrovic-2\/'><img loading=\"lazy\" decoding=\"async\" width=\"150\" height=\"150\" src=\"https:\/\/centralmedia.rs\/wp-content\/uploads\/2023\/08\/dejan-petrovic-150x150.jpg\" class=\"attachment-thumbnail size-thumbnail\" alt=\"\" srcset=\"https:\/\/centralmedia.rs\/wp-content\/uploads\/2023\/08\/dejan-petrovic-150x150.jpg 150w, https:\/\/centralmedia.rs\/wp-content\/uploads\/2023\/08\/dejan-petrovic-300x300.jpg 300w, https:\/\/centralmedia.rs\/wp-content\/uploads\/2023\/08\/dejan-petrovic-768x770.jpg 768w, https:\/\/centralmedia.rs\/wp-content\/uploads\/2023\/08\/dejan-petrovic-1021x1024.jpg 1021w, https:\/\/centralmedia.rs\/wp-content\/uploads\/2023\/08\/dejan-petrovic-419x420.jpg 419w, https:\/\/centralmedia.rs\/wp-content\/uploads\/2023\/08\/dejan-petrovic-640x642.jpg 640w, https:\/\/centralmedia.rs\/wp-content\/uploads\/2023\/08\/dejan-petrovic-681x683.jpg 681w, https:\/\/centralmedia.rs\/wp-content\/uploads\/2023\/08\/dejan-petrovic.jpg 1079w\" sizes=\"(max-width: 150px) 100vw, 150px\" \/><\/a>\n\t\t\t<\/div><\/figure><figure class='gallery-item'>\n\t\t\t<div class='gallery-icon landscape'>\n\t\t\t\t<a href='https:\/\/centralmedia.rs\/index.php\/2023\/08\/28\/viteski-festival-despot-stefan-lazarevic-i-koncert-dejana-petrovica-i-big-benda\/dejan-petrovic1-2\/'><img loading=\"lazy\" decoding=\"async\" width=\"150\" height=\"150\" src=\"https:\/\/centralmedia.rs\/wp-content\/uploads\/2023\/08\/dejan-petrovic1-150x150.jpg\" class=\"attachment-thumbnail size-thumbnail\" alt=\"\" \/><\/a>\n\t\t\t<\/div><\/figure>\n\t\t<\/div>\n\n<p>Prvog dana, na otvaranju Vite\u0161kog festivala predsednik udru\u017eenja ,,Grac\u201d Tru\u0107evac, jednog od organizatora festivala, Nenad Radovanovi\u0107 rekao je da Despotovac nastavlja vite\u0161ku tradiciju Despota Stefana koji je bio \u010dlan Vite\u0161kog reda zmaja. Prve ve\u010deri, u petak, nastupio je KUD \u201cBuk\u201d i bend Pinzgauer iz Para\u0107ina.<br \/>\nDrugi dan Vite\u0161kog festival, u subotu, bio je rezervisan vitezove i koncert.<br \/>\nNekoliko desetina hiljada posetilaca pratili su konji\u010dka nadmetanja, takmi\u010denja u ma\u010devanju i streli\u010darstvu, \u00a0sokolarske igre i vite\u0161ke borbe, pojedina\u010dne i masovne.<br \/>\nZatim je usledio muzi\u010dki program. U predprogramu nastupio je Aleksandar Miloradovi\u0107 iz Milive sa mini koncertom na harmonici, nastupio je i Hor Centra za kulturu \u201cSveti Stefan, despot srpski\u201d, a za kraj festivala i koncert Dejana Petrovi\u0107a i Big benda.<br \/>\nFestival je popred udru\u017eenja gradjana \u201cGrac\u201d Tru\u0107evac, organizovala Op\u0161tina Despotovac, Javno preduze\u0107e \u201cResavska pe\u0107ina\u201d i Centar za kulturu \u201cSveti Stefan, despot srpski.<\/p>\n<p>Foto Opstina Despotovac<\/p>\n","protected":false},"excerpt":{"rendered":"<p>Nekoliko desetina hiljada posetilaca pozdravilo je u\u010desnike Vite\u0161kog festivala ,,Despoto Stefan Lazarevi\u0107\u201d u arhai\u010dnom ambijetu Milivske klisure kod Despotovca koji se nije menjao kroz vekove, &hellip; <\/p>\n","protected":false},"author":2,"featured_media":36035,"comment_status":"open","ping_status":"open","sticky":false,"template":"","format":"standard","meta":{"footnotes":""},"categories":[1518,5786,1524,2,23,887,3055],"tags":[51,1168],"_links":{"self":[{"href":"https:\/\/centralmedia.rs\/index.php\/wp-json\/wp\/v2\/posts\/36023"}],"collection":[{"href":"https:\/\/centralmedia.rs\/index.php\/wp-json\/wp\/v2\/posts"}],"about":[{"href":"https:\/\/centralmedia.rs\/index.php\/wp-json\/wp\/v2\/types\/post"}],"author":[{"embeddable":true,"href":"https:\/\/centralmedia.rs\/index.php\/wp-json\/wp\/v2\/users\/2"}],"replies":[{"embeddable":true,"href":"https:\/\/centralmedia.rs\/index.php\/wp-json\/wp\/v2\/comments?post=36023"}],"version-history":[{"count":2,"href":"https:\/\/centralmedia.rs\/index.php\/wp-json\/wp\/v2\/posts\/36023\/revisions"}],"predecessor-version":[{"id":36036,"href":"https:\/\/centralmedia.rs\/index.php\/wp-json\/wp\/v2\/posts\/36023\/revisions\/36036"}],"wp:featuredmedia":[{"embeddable":true,"href":"https:\/\/centralmedia.rs\/index.php\/wp-json\/wp\/v2\/media\/36035"}],"wp:attachment":[{"href":"https:\/\/centralmedia.rs\/index.php\/wp-json\/wp\/v2\/media?parent=36023"}],"wp:term":[{"taxonomy":"category","embeddable":true,"href":"https:\/\/centralmedia.rs\/index.php\/wp-json\/wp\/v2\/categories?post=36023"},{"taxonomy":"post_tag","embeddable":true,"href":"https:\/\/centralmedia.rs\/index.php\/wp-json\/wp\/v2\/tags?post=36023"}],"curies":[{"name":"wp","href":"https:\/\/api.w.org\/{rel}","templated":true}]}}