{"id":36093,"date":"2023-08-30T12:00:48","date_gmt":"2023-08-30T10:00:48","guid":{"rendered":"http:\/\/centralmedia.rs\/?p=36093"},"modified":"2023-09-05T17:05:34","modified_gmt":"2023-09-05T15:05:34","slug":"skolski-bazen-na-zlatiboru-pusten-u-rad","status":"publish","type":"post","link":"https:\/\/centralmedia.rs\/index.php\/2023\/08\/30\/skolski-bazen-na-zlatiboru-pusten-u-rad\/","title":{"rendered":"\u0160kolski bazen na Zlatiboru pu\u0161ten u rad"},"content":{"rendered":"<p>Bazen povr\u0161ine 75 metara kvadratnih, u delu objekta za sportske aktivnosti izdvojenog odeljenja \u010dajetinske \u0161kole \u201eDimitrije Tucovi\u0107 na Zlatiboru, sve\u010dano je otvoren u prisustvu predsednika Op\u0161tine \u010cajetina Milana Stamatovi\u0107a, direktorke \u0161kole Milke Vasiljevi\u0107, Slobodana A\u0107imovi\u0107a, direktora Fondacije A\u0107imovi\u0107 i upravitelja Fondacije Kristofa Langenauera.<\/p>\n<div id='gallery-1' class='gallery galleryid-36093 gallery-columns-3 gallery-size-thumbnail'><figure class='gallery-item'>\n\t\t\t<div class='gallery-icon landscape'>\n\t\t\t\t<a href='https:\/\/centralmedia.rs\/index.php\/2023\/08\/30\/skolski-bazen-na-zlatiboru-pusten-u-rad\/otvaranje-skolskog-bazena-na-zlatiboru-13\/'><img loading=\"lazy\" decoding=\"async\" width=\"150\" height=\"150\" src=\"https:\/\/centralmedia.rs\/wp-content\/uploads\/2023\/08\/Otvaranje-\u0161kolskog-bazena-na-Zlatiboru-13-150x150.jpg\" class=\"attachment-thumbnail size-thumbnail\" alt=\"\" \/><\/a>\n\t\t\t<\/div><\/figure><figure class='gallery-item'>\n\t\t\t<div class='gallery-icon landscape'>\n\t\t\t\t<a href='https:\/\/centralmedia.rs\/index.php\/2023\/08\/30\/skolski-bazen-na-zlatiboru-pusten-u-rad\/skolski-bazen-na-zlatiboru-11\/'><img loading=\"lazy\" decoding=\"async\" width=\"150\" height=\"150\" src=\"https:\/\/centralmedia.rs\/wp-content\/uploads\/2023\/08\/\u0160kolski-bazen-na-Zlatiboru-11-150x150.jpg\" class=\"attachment-thumbnail size-thumbnail\" alt=\"\" \/><\/a>\n\t\t\t<\/div><\/figure><figure class='gallery-item'>\n\t\t\t<div class='gallery-icon landscape'>\n\t\t\t\t<a href='https:\/\/centralmedia.rs\/index.php\/2023\/08\/30\/skolski-bazen-na-zlatiboru-pusten-u-rad\/tabla-na-ulazu-u-bazen-11\/'><img loading=\"lazy\" decoding=\"async\" width=\"150\" height=\"150\" src=\"https:\/\/centralmedia.rs\/wp-content\/uploads\/2023\/08\/Tabla-na-ulazu-u-bazen-11-150x150.jpg\" class=\"attachment-thumbnail size-thumbnail\" alt=\"\" \/><\/a>\n\t\t\t<\/div><\/figure>\n\t\t<\/div>\n\n<p>Zahvaljuju\u0107i se u ime lokalne samouprave, \u0161kolskog kolektiva i svih gra\u0111ana op\u0161tine \u010cajetina i posebno naseljenog mesta Zlatibor, predsednik Stamatovi\u0107 se zahvalio Vasiliju i Mafaldi A\u0107imovi\u0107, osniva\u010dima Fondacije A\u0107imovi\u0107, \u0161to su se na ovaj na\u010din, kroz zadu\u017ebinarstvo, i sada i u mnogo prethodnih donacija i \u0161kolskih stipendija odu\u017eili stanovni\u0161tvu ovog kraja Zapadne Srbije. \u201eSvedoci smo da zadu\u017ebinarstvo u dana\u0161njoj Srbiji skoro da ne postoji, ali evo primera kako neko ko je davno oti\u0161ao iz ovih krajeva i \u017eivi u \u0160vajcarskoj mo\u017ee ponovo da napravi tu vezu izme\u0111u Srbije i njihove nove domovine. Ovaj bazen i njegov mozaik, koji je jedinstven u Srbiji, uz \u0161kolsku sportsku halu, delo su Fondacije A\u0107imovi\u0107 i na tome smo im neizmerno zahvalni\u201c istakao je Stamatovi\u0107.<\/p>\n<p>Slobodan A\u0107imovi\u0107, direktor Fondacije, je izrazio zadovoljstvo realizacijom ovog projekta kroz zajedni\u010dki rad sa lokalnom samoupravom i u saradnji sa, kako ju je on nazvao, \u201eGvozdenom Lejdi\u201c tj. direktorkom \u0161kole, gospo\u0111om Vasiljevi\u0107. \u201eIako sam ro\u0111en u Beogradu, korenima sam vezan za ova brda i na\u0161u zlatnu planinu, a uz to, glavni razlog \u0161to smo ovaj objekat podarili mali\u0161anima je uspomena na mog strica Vasilija i njegovu suprugu Mafaldu, koji su i osnovali Fondaciju A\u0107imovi\u0107\u201c podvukao je A\u0107imovi\u0107.<\/p>\n<p>Na tabli koja je postavljena ispred sale sa bazenom, dodao je A\u0107imovi\u0107, pi\u0161e \u201eZa zdravu i sre\u0107nu decu od Vasilija i Mafalde A\u0107imovi\u0107\u201c, i \u017eelja svih nas iz Fondacije je da izgradnjom ovakvih objekata sklonimo decu sa ulica i da im pomognemo da zdravo odrastaju.<\/p>\n<p>Zadovoljstvo realizovanim projektom izrazio je i Kristof Langenauer, upravitelj Fondacije, koji je izrazio nadu da je ovo lep poklon za svu decu i mlade sa Zlatibora, za sve one koji se bave sportom i da \u0107e oni ovaj objekat \u010desto koristiti i da \u0107e ga \u010duvati i odr\u017eavati.<\/p>\n<p>Direktorka Osnovne \u0161kole \u201eDimitrije Tucovi\u0107\u201c iz \u010cajetine Milka Vasiljevi\u0107 je rekla da je njena radost ipak za nijansu ve\u0107e od one de\u010dije zato \u0161to je posle vi\u0161e godina i\u0161\u010dekivanja zavr\u0161en i ovaj objekat. \u201eDimenzije bazena zadovoljavaju potrebe dece izdvojenog odeljenja \u0161kole na Zlatiboru, u \u010dijim klupama iz godine u godinu sedi sve ve\u0107i i ve\u0107i broj u\u010denika\u201c, zaklju\u010dila je Vasiljevi\u0107a.<\/p>\n","protected":false},"excerpt":{"rendered":"<p>Bazen povr\u0161ine 75 metara kvadratnih, u delu objekta za sportske aktivnosti izdvojenog odeljenja \u010dajetinske \u0161kole \u201eDimitrije Tucovi\u0107 na Zlatiboru, sve\u010dano je otvoren u prisustvu predsednika &hellip; <\/p>\n","protected":false},"author":2,"featured_media":36094,"comment_status":"open","ping_status":"open","sticky":false,"template":"","format":"standard","meta":{"footnotes":""},"categories":[5787,14,1524,2,1514,887,12],"tags":[2762,6305],"_links":{"self":[{"href":"https:\/\/centralmedia.rs\/index.php\/wp-json\/wp\/v2\/posts\/36093"}],"collection":[{"href":"https:\/\/centralmedia.rs\/index.php\/wp-json\/wp\/v2\/posts"}],"about":[{"href":"https:\/\/centralmedia.rs\/index.php\/wp-json\/wp\/v2\/types\/post"}],"author":[{"embeddable":true,"href":"https:\/\/centralmedia.rs\/index.php\/wp-json\/wp\/v2\/users\/2"}],"replies":[{"embeddable":true,"href":"https:\/\/centralmedia.rs\/index.php\/wp-json\/wp\/v2\/comments?post=36093"}],"version-history":[{"count":1,"href":"https:\/\/centralmedia.rs\/index.php\/wp-json\/wp\/v2\/posts\/36093\/revisions"}],"predecessor-version":[{"id":36098,"href":"https:\/\/centralmedia.rs\/index.php\/wp-json\/wp\/v2\/posts\/36093\/revisions\/36098"}],"wp:featuredmedia":[{"embeddable":true,"href":"https:\/\/centralmedia.rs\/index.php\/wp-json\/wp\/v2\/media\/36094"}],"wp:attachment":[{"href":"https:\/\/centralmedia.rs\/index.php\/wp-json\/wp\/v2\/media?parent=36093"}],"wp:term":[{"taxonomy":"category","embeddable":true,"href":"https:\/\/centralmedia.rs\/index.php\/wp-json\/wp\/v2\/categories?post=36093"},{"taxonomy":"post_tag","embeddable":true,"href":"https:\/\/centralmedia.rs\/index.php\/wp-json\/wp\/v2\/tags?post=36093"}],"curies":[{"name":"wp","href":"https:\/\/api.w.org\/{rel}","templated":true}]}}