{"id":36107,"date":"2023-08-31T18:26:47","date_gmt":"2023-08-31T16:26:47","guid":{"rendered":"http:\/\/centralmedia.rs\/?p=36107"},"modified":"2023-09-05T17:06:13","modified_gmt":"2023-09-05T15:06:13","slug":"zmajevi-misle-na-buducnost-petrovic-potpisao-profesionalni-ugovor","status":"publish","type":"post","link":"https:\/\/centralmedia.rs\/index.php\/2023\/08\/31\/zmajevi-misle-na-buducnost-petrovic-potpisao-profesionalni-ugovor\/","title":{"rendered":"Zmajevi misle na budu\u0107nost \u2013 Petrovi\u0107 potpisao profesionalni ugovor"},"content":{"rendered":"<p>Talentovani napada\u010d\u00a0Bogdan Petrovi\u0107\u00a0potpisao je profesionalni ugovor sa Fudbalskim klubom\u00a0Vo\u017edovac.<\/p>\n<p>Jedan od nosilaca igre omladinske selekcije Zmajeva stavio je paraf na \u010detvorogodi\u0161nji ugovor sa beogradskim klubom.<\/p>\n<p>Sportski direktor kluba iz Zaplanjske, gospodin\u00a0Bojan Leontijevi\u0107, izrazio je zadovoljstvo zbog dogovorene vi\u0161egodi\u0161nje saradnje sa mladim centarforom.<\/p>\n<p>\u201eZadovoljstvo nam je da mo\u017eemo da konstatujemo da \u0107e jo\u0161 jedan igra\u010d iz na\u0161e Omladinske \u0161kole dobiti priliku u prvom timu. On se svojim anga\u017emanom, kvalitetom i igrama u Omladinskoj ligi Srbije pro\u0161le sezone nametnuo i skrenuo pa\u017enju na sebe. Proveo je jedan deo priprema sa prvim timom i doneta je odluka da dobija i dalje priliku da se nametne u na\u0161em klubu. Bi\u0107e u re\u017eimu rada u saradnji izme\u0111u seniorskog i omladinskog tima\u201c, po\u010deo je direktor Zmajeva i nastavio:<\/p>\n<p>\u201eBio je efikasan u sezoni za nama, raduje nas \u0161to je sa tri gola, od \u010dega su dva pogotka bila u pobedi nad Crvenom zvezdom, po\u010deo dobro i ovu novu takmi\u010darsku godinu, a verujem da \u0107e u teku\u0107oj imati jo\u0161 bolji u\u010dinak i da \u0107e uskoro posti\u0107i prvenac za prvi tim. \u017delimo mu da \u0161to pre debituje, priliku \u0107e svakako dobiti, a na njemu je da je iskoristi na pravi na\u010din\u201c.<\/p>\n<p>Devetnaestogodi\u0161nji napada\u010d nije krio zadovoljstvo zbog potpisivanja prvog profesionalnog ugovora u karijeri i izkazao je zahvalnost na ukazanom poverenju.<\/p>\n<p>\u201eSre\u0107an sam \u0161to sam dobio \u0161ansu da nastavim da se dokazujem u ovakvom klubu. Zahvalio bih se svojoj porodici, menad\u017eeru, prijateljima, svojim najbli\u017eima koji su mi pru\u017eali podr\u0161ku. Naravno, zahvalnost dugujem i svim ljudima u klubu, od trenera u omladincima, prvom timu, ekonomu, fizioterapeutima bez kojih moj raniji oporavak ne bi pro\u0161ao kako treba, jednostavno svima u klubu\u201c, kazao je\u00a0Petrovi\u0107\u00a0i dodao:<\/p>\n<p>\u201eSmatram da sam ispunio dosada\u0161nja o\u010dekivanja, potpis ugovora je samo potvrda toga i po\u010detak ostvarenja daljih ciljeva. To su da debitujem za prvi tim, upi\u0161em \u0161to vi\u0161e nastupa i postignem \u0161to vi\u0161e golova, ali o tom potom. Bitno je da nastavim da radim, verujem da \u0107u dobiti \u0161ansu i da \u0107u je iskoristiti na pravi na\u010din\u201c.<\/p>\n<p>Klub sa Du\u0161anovca godinama je prepoznat kao odli\u010dna sredina za afirmaciju mladih igra\u010da, a tako je i aktuelne sezone s obzirom da je nekoliko momaka poniklih u mla\u0111im kategorijama kluba standardno u timu Marka Savi\u0107a.<\/p>\n<p>Odli\u010dnim partijama u omladinskom pogonu Zmajava na samom startu \u0161ampionata pokazao je kakvim rasko\u0161nim talentom i golgeterskim potencijalom raspola\u017ee.<\/p>\n<p>\u201eZa samopouzdanje napada\u010da je najva\u017enije da posti\u017ee golove, tako da zna\u010di mi \u0161to sam u dobroj formi. Trudim se da pogocima doprinesem \u0161to vi\u0161e timu, pogotovu jer sam bonus i od mene se o\u010dekuje da svaku utakmicu posti\u017eem golove. Moje je da se izborim sa tom vrstom pritiska i siguran sam da \u0107u uspeti. Krenuo sam lepo sa tri gola, moglo je i vi\u0161e, ali dobro, bi\u0107e\u201c, veruje u svoje mogu\u0107nosti momak iz Jagodine.<\/p>\n<p>Talentovani napada\u010d otkrio je ko mu je fudbalski uzor i u kojim ligama bi voleo da se oproba u budu\u0107nosti.<\/p>\n<p>\u201eKristijano Ronaldo mi je uzor, jer pored tog talenta koji poseduje veliki je radnik, a bez rada nema uspeha, tako da se po tome ugledam na njega. Voleo bih da nekada zaigram u Premijer ligi ili \u0161panskoj Primeri\u201c, zaklju\u010dio je\u00a0Bogdan Petrovi\u0107.<\/p>\n<p>&nbsp;<\/p>\n","protected":false},"excerpt":{"rendered":"<p>Talentovani napada\u010d\u00a0Bogdan Petrovi\u0107\u00a0potpisao je profesionalni ugovor sa Fudbalskim klubom\u00a0Vo\u017edovac. Jedan od nosilaca igre omladinske selekcije Zmajeva stavio je paraf na \u010detvorogodi\u0161nji ugovor sa beogradskim klubom. &hellip; <\/p>\n","protected":false},"author":2,"featured_media":36108,"comment_status":"open","ping_status":"open","sticky":false,"template":"","format":"standard","meta":{"footnotes":""},"categories":[1524,2,1514,5643,887,21,12],"tags":[5987,5988],"_links":{"self":[{"href":"https:\/\/centralmedia.rs\/index.php\/wp-json\/wp\/v2\/posts\/36107"}],"collection":[{"href":"https:\/\/centralmedia.rs\/index.php\/wp-json\/wp\/v2\/posts"}],"about":[{"href":"https:\/\/centralmedia.rs\/index.php\/wp-json\/wp\/v2\/types\/post"}],"author":[{"embeddable":true,"href":"https:\/\/centralmedia.rs\/index.php\/wp-json\/wp\/v2\/users\/2"}],"replies":[{"embeddable":true,"href":"https:\/\/centralmedia.rs\/index.php\/wp-json\/wp\/v2\/comments?post=36107"}],"version-history":[{"count":1,"href":"https:\/\/centralmedia.rs\/index.php\/wp-json\/wp\/v2\/posts\/36107\/revisions"}],"predecessor-version":[{"id":36109,"href":"https:\/\/centralmedia.rs\/index.php\/wp-json\/wp\/v2\/posts\/36107\/revisions\/36109"}],"wp:featuredmedia":[{"embeddable":true,"href":"https:\/\/centralmedia.rs\/index.php\/wp-json\/wp\/v2\/media\/36108"}],"wp:attachment":[{"href":"https:\/\/centralmedia.rs\/index.php\/wp-json\/wp\/v2\/media?parent=36107"}],"wp:term":[{"taxonomy":"category","embeddable":true,"href":"https:\/\/centralmedia.rs\/index.php\/wp-json\/wp\/v2\/categories?post=36107"},{"taxonomy":"post_tag","embeddable":true,"href":"https:\/\/centralmedia.rs\/index.php\/wp-json\/wp\/v2\/tags?post=36107"}],"curies":[{"name":"wp","href":"https:\/\/api.w.org\/{rel}","templated":true}]}}