{"id":36116,"date":"2023-09-01T15:31:54","date_gmt":"2023-09-01T13:31:54","guid":{"rendered":"http:\/\/centralmedia.rs\/?p=36116"},"modified":"2023-09-05T17:05:59","modified_gmt":"2023-09-05T15:05:59","slug":"veliko-interesovanje-trkaca-za-4-jagodinski-maraton","status":"publish","type":"post","link":"https:\/\/centralmedia.rs\/index.php\/2023\/09\/01\/veliko-interesovanje-trkaca-za-4-jagodinski-maraton\/","title":{"rendered":"VELIKO INTERESOVANJE TRKA\u010cA ZA 4. JAGODINSKI MARATON"},"content":{"rendered":"<p>JAGODINA- Veliko interesovanje trka\u010da za 4. Jagodinski maraton prevazi\u0161lo sva o\u010dekivanja organizatora, jer je poru\u010deno i podeljeno 700 startnih kompleta za tri trke, a naknadno se ve\u0107 prijavilo jo\u0161 200, do nedelje \u0107e biti i 300. Maraton se odr\u017eava u nedelju, 3. septembra od 10 sati, start je u centru Jagodine.<\/p>\n<div id='gallery-1' class='gallery galleryid-36116 gallery-columns-3 gallery-size-thumbnail'><figure class='gallery-item'>\n\t\t\t<div class='gallery-icon landscape'>\n\t\t\t\t<a href='https:\/\/centralmedia.rs\/index.php\/2023\/08\/30\/4-jagodinski-maraton-trasa-trke\/maraton1-2\/'><img loading=\"lazy\" decoding=\"async\" width=\"150\" height=\"150\" src=\"https:\/\/centralmedia.rs\/wp-content\/uploads\/2023\/08\/maraton1-150x150.jpg\" class=\"attachment-thumbnail size-thumbnail\" alt=\"\" \/><\/a>\n\t\t\t<\/div><\/figure><figure class='gallery-item'>\n\t\t\t<div class='gallery-icon portrait'>\n\t\t\t\t<a href='https:\/\/centralmedia.rs\/index.php\/2023\/08\/30\/4-jagodinski-maraton-trasa-trke\/maraton-3\/'><img loading=\"lazy\" decoding=\"async\" width=\"150\" height=\"150\" src=\"https:\/\/centralmedia.rs\/wp-content\/uploads\/2023\/08\/maraton-150x150.jpg\" class=\"attachment-thumbnail size-thumbnail\" alt=\"\" \/><\/a>\n\t\t\t<\/div><\/figure><figure class='gallery-item'>\n\t\t\t<div class='gallery-icon portrait'>\n\t\t\t\t<a href='https:\/\/centralmedia.rs\/index.php\/2023\/09\/01\/veliko-interesovanje-trkaca-za-4-jagodinski-maraton\/maraton-4\/'><img loading=\"lazy\" decoding=\"async\" width=\"150\" height=\"150\" src=\"https:\/\/centralmedia.rs\/wp-content\/uploads\/2023\/09\/maraton-150x150.jpg\" class=\"attachment-thumbnail size-thumbnail\" alt=\"\" \/><\/a>\n\t\t\t<\/div><\/figure>\n\t\t<\/div>\n\n<p>-Prijave su zatvorene nema ni jednog slobodnog mesta. U ovom trenutku ne mo\u017eemo da odgovorimo na ogromno interesovanje trka\u010da, startni kompleti su ve\u0107 poru\u010deni i podeljeni. Vi\u0161e nemamo i ne mo\u017eemo da izradimo nove u ovako kratkom vremenu, ali svi zainteresovani \u00a0mo\u0107i \u0107e da tr\u010de sa nama, ka\u017ee predsednik organizacionog odbora Dejan Da\u0161i\u0107.<\/p>\n<p>Maraton se organizuje posle pauze zbog pandemije, aprilski termin je u konsulaticiji sa ASS pomeren na 3. septembar.<\/p>\n<p>-Umesto matarona, ove godine bi\u0107e polumaraton od 21 kilometra, 10 i 5 kilometra, kao i male trke pionira, atletskih \u0161kola i penzionera. Trka ide ulicama Knjeginje Milice, \u010co\u010detova, Stefana Prvoven\u010danog do kru\u017enog toka Jovan\u010da Mici\u0107. Staza je duga 5 kilometra. Pored toga, Jagodina ima privilegiju da drugi put organizuje skup organizatora trka i maratona iz Srbije i RS. Skupu \u0107e prisustvovati direktor ASS Slobodan Brankovi\u0107, najavio je Da\u0161i\u0107.<\/p>\n<p>Program \u0107e voditi sportski komentator Radoslav Simi\u0107, pokrovitelj je Skup\u0161tina grada Jagodina<\/p>\n<p>&nbsp;<\/p>\n","protected":false},"excerpt":{"rendered":"<p>JAGODINA- Veliko interesovanje trka\u010da za 4. Jagodinski maraton prevazi\u0161lo sva o\u010dekivanja organizatora, jer je poru\u010deno i podeljeno 700 startnih kompleta za tri trke, a naknadno &hellip; <\/p>\n","protected":false},"author":2,"featured_media":36117,"comment_status":"open","ping_status":"open","sticky":false,"template":"","format":"standard","meta":{"footnotes":""},"categories":[1524,2,1514,5643,887,21,12],"tags":[58,3586],"_links":{"self":[{"href":"https:\/\/centralmedia.rs\/index.php\/wp-json\/wp\/v2\/posts\/36116"}],"collection":[{"href":"https:\/\/centralmedia.rs\/index.php\/wp-json\/wp\/v2\/posts"}],"about":[{"href":"https:\/\/centralmedia.rs\/index.php\/wp-json\/wp\/v2\/types\/post"}],"author":[{"embeddable":true,"href":"https:\/\/centralmedia.rs\/index.php\/wp-json\/wp\/v2\/users\/2"}],"replies":[{"embeddable":true,"href":"https:\/\/centralmedia.rs\/index.php\/wp-json\/wp\/v2\/comments?post=36116"}],"version-history":[{"count":1,"href":"https:\/\/centralmedia.rs\/index.php\/wp-json\/wp\/v2\/posts\/36116\/revisions"}],"predecessor-version":[{"id":36118,"href":"https:\/\/centralmedia.rs\/index.php\/wp-json\/wp\/v2\/posts\/36116\/revisions\/36118"}],"wp:featuredmedia":[{"embeddable":true,"href":"https:\/\/centralmedia.rs\/index.php\/wp-json\/wp\/v2\/media\/36117"}],"wp:attachment":[{"href":"https:\/\/centralmedia.rs\/index.php\/wp-json\/wp\/v2\/media?parent=36116"}],"wp:term":[{"taxonomy":"category","embeddable":true,"href":"https:\/\/centralmedia.rs\/index.php\/wp-json\/wp\/v2\/categories?post=36116"},{"taxonomy":"post_tag","embeddable":true,"href":"https:\/\/centralmedia.rs\/index.php\/wp-json\/wp\/v2\/tags?post=36116"}],"curies":[{"name":"wp","href":"https:\/\/api.w.org\/{rel}","templated":true}]}}