{"id":3612,"date":"2016-07-05T17:50:52","date_gmt":"2016-07-05T17:50:52","guid":{"rendered":"http:\/\/centralmedia.rs\/?p=3612"},"modified":"2016-07-05T20:14:12","modified_gmt":"2016-07-05T20:14:12","slug":"sednica-jagodinske-skupstine-osniva-se-agencija-za-ekonomski-razvoj","status":"publish","type":"post","link":"https:\/\/centralmedia.rs\/index.php\/2016\/07\/05\/sednica-jagodinske-skupstine-osniva-se-agencija-za-ekonomski-razvoj\/","title":{"rendered":"SEDNICA JAGODINSKE SKUP\u0160TINE &#8211; OSNIVA SE AGENCIJA ZA EKONOMSKI RAZVOJ"},"content":{"rendered":"<p>JAGODINA-Skup\u0161tina grada Jagodina na sednici u petak 8 jula osnova\u0107e Agenciju ekonomski razvoj, a posle usvajanja osniva\u010dkog akta bi\u0107e imenovan privremeni direktor koji treba da pripremi po\u010detak rada agencije.   Razlog za osnivanje agencije, kako je navedeno u obrazlo\u017eenju, je ,,obavljanje razvojnih, stru\u010dnih i regulatornih poslova u postupku realizacije razvojnih projekata, u cilju odr\u017eivog razvoja razvojem privrednih potencijala, razvojem funkcija lokalne samouprave, razvojem civilnog sektora i razvojem privatno-javnih partnerstava\u201d<br \/>\nIna\u010de, jagodinski odbornici su zbog \u0161tednje i smanjenja administracije ukinuli dve agencije 26. februara 2015. godine sa 22 radnika.  Re\u010d je o Agenciji za mala i srednja preduze\u0107a i registrovana poljoprivredna doma\u0107instva i Stalnoj kancelariji za ekonomski razvoj grada Jagodine. Tada su taj potez lokalni funkcioneri  komentarisali ,,da je Jagodina jedini grad u Srbiji koji u cilju \u0161tednje, pove\u0107anja efikasnosti i smanjenja administracije, ukida agencije\u201d.<div id='gallery-1' class='gallery galleryid-3612 gallery-columns-2 gallery-size-large'><figure class='gallery-item'>\n\t\t\t<div class='gallery-icon landscape'>\n\t\t\t\t<a href='https:\/\/centralmedia.rs\/index.php\/2016\/05\/20\/napednjaci-napustili-skupstinu-palma-stevanovic-cetvrti-put-na-celu-jagodine\/sednica-4-jagodina-g-j\/'><img loading=\"lazy\" decoding=\"async\" width=\"760\" height=\"445\" src=\"https:\/\/centralmedia.rs\/wp-content\/uploads\/2016\/05\/sednica-4-jagodina-g.j.-1024x599.jpg\" class=\"attachment-large size-large\" alt=\"\" srcset=\"https:\/\/centralmedia.rs\/wp-content\/uploads\/2016\/05\/sednica-4-jagodina-g.j.-1024x599.jpg 1024w, https:\/\/centralmedia.rs\/wp-content\/uploads\/2016\/05\/sednica-4-jagodina-g.j.-300x176.jpg 300w, https:\/\/centralmedia.rs\/wp-content\/uploads\/2016\/05\/sednica-4-jagodina-g.j.-768x450.jpg 768w, https:\/\/centralmedia.rs\/wp-content\/uploads\/2016\/05\/sednica-4-jagodina-g.j..jpg 1025w\" sizes=\"(max-width: 760px) 100vw, 760px\" \/><\/a>\n\t\t\t<\/div><\/figure><figure class='gallery-item'>\n\t\t\t<div class='gallery-icon landscape'>\n\t\t\t\t<a href='https:\/\/centralmedia.rs\/index.php\/2016\/05\/20\/napednjaci-napustili-skupstinu-palma-stevanovic-cetvrti-put-na-celu-jagodine\/sednica-3-jagodina-g-j\/'><img loading=\"lazy\" decoding=\"async\" width=\"760\" height=\"532\" src=\"https:\/\/centralmedia.rs\/wp-content\/uploads\/2016\/05\/sednica-3-jagodina-g.j..jpg\" class=\"attachment-large size-large\" alt=\"\" srcset=\"https:\/\/centralmedia.rs\/wp-content\/uploads\/2016\/05\/sednica-3-jagodina-g.j..jpg 900w, https:\/\/centralmedia.rs\/wp-content\/uploads\/2016\/05\/sednica-3-jagodina-g.j.-300x210.jpg 300w, https:\/\/centralmedia.rs\/wp-content\/uploads\/2016\/05\/sednica-3-jagodina-g.j.-768x538.jpg 768w, https:\/\/centralmedia.rs\/wp-content\/uploads\/2016\/05\/sednica-3-jagodina-g.j.-100x70.jpg 100w\" sizes=\"(max-width: 760px) 100vw, 760px\" \/><\/a>\n\t\t\t<\/div><\/figure>\n\t\t<\/div>\n<br \/>\nNa sednici skup\u0161tine bi\u0107e obavljen izbor stalnih radnih tela, saveta i komisija. Shodno izbornom rezultatu i broju odborni\u010dkih mandata dve tre\u0107ine \u010dlanova tih tela pripa\u0161\u0107e koaliciji JS-SPS, a tre\u0107ina SNS. Na istoj sednici novi \u010dlanovi SNS bi\u0107e postavljeni u upravnim odborima Zavi\u010dajnog muzeja i Narodne biblioteke Radislav Nik\u010devi\u0107.<br \/>\nOdbornici \u0107e razmatrati predlog odluke o zadu\u017eivanju bud\u017eeta Jagodine za 2016. godinu u visini od 60 miliona dinara radi finansiranja i refinansiranja  kapitalno investicionih rashoda. Rok otplate kredita je pet godina uz grejs period od \u0161est meseci.       <\/p>\n","protected":false},"excerpt":{"rendered":"<p>JAGODINA-Skup\u0161tina grada Jagodina na sednici u petak 8 jula osnova\u0107e Agenciju ekonomski razvoj, a posle usvajanja osniva\u010dkog akta bi\u0107e imenovan privremeni direktor koji treba da &hellip; <\/p>\n","protected":false},"author":4,"featured_media":3165,"comment_status":"open","ping_status":"open","sticky":false,"template":"","format":"standard","meta":{"footnotes":""},"categories":[2,13,12],"tags":[58,940,140],"_links":{"self":[{"href":"https:\/\/centralmedia.rs\/index.php\/wp-json\/wp\/v2\/posts\/3612"}],"collection":[{"href":"https:\/\/centralmedia.rs\/index.php\/wp-json\/wp\/v2\/posts"}],"about":[{"href":"https:\/\/centralmedia.rs\/index.php\/wp-json\/wp\/v2\/types\/post"}],"author":[{"embeddable":true,"href":"https:\/\/centralmedia.rs\/index.php\/wp-json\/wp\/v2\/users\/4"}],"replies":[{"embeddable":true,"href":"https:\/\/centralmedia.rs\/index.php\/wp-json\/wp\/v2\/comments?post=3612"}],"version-history":[{"count":0,"href":"https:\/\/centralmedia.rs\/index.php\/wp-json\/wp\/v2\/posts\/3612\/revisions"}],"wp:featuredmedia":[{"embeddable":true,"href":"https:\/\/centralmedia.rs\/index.php\/wp-json\/wp\/v2\/media\/3165"}],"wp:attachment":[{"href":"https:\/\/centralmedia.rs\/index.php\/wp-json\/wp\/v2\/media?parent=3612"}],"wp:term":[{"taxonomy":"category","embeddable":true,"href":"https:\/\/centralmedia.rs\/index.php\/wp-json\/wp\/v2\/categories?post=3612"},{"taxonomy":"post_tag","embeddable":true,"href":"https:\/\/centralmedia.rs\/index.php\/wp-json\/wp\/v2\/tags?post=3612"}],"curies":[{"name":"wp","href":"https:\/\/api.w.org\/{rel}","templated":true}]}}