{"id":36127,"date":"2023-09-03T13:22:04","date_gmt":"2023-09-03T11:22:04","guid":{"rendered":"http:\/\/centralmedia.rs\/?p=36127"},"modified":"2023-09-07T16:30:18","modified_gmt":"2023-09-07T14:30:18","slug":"4-jagodinski-maraton","status":"publish","type":"post","link":"https:\/\/centralmedia.rs\/index.php\/2023\/09\/03\/4-jagodinski-maraton\/","title":{"rendered":"4. JAGODINSKI MARATON"},"content":{"rendered":"<p>JAGODINA- Pobednici 4. \u201eJagodinskog maratona\u201c su Elena Sokolova iz Rusije i Sa\u0161a Miljkovi\u0107 iz Kosovske Mitrovice, koji su prvi stigli na cilj polumaratona, trke \u00a0od 21. kilometra. U trci od 10 kilometara prvi stigli na cilj Sla\u0111ana Stamenkovi\u0107 iz Bantskog Brestovca i \u0110uro Borbelja iz Apatina, na 5 kilometara Eleonora Stojanovi\u0107 i Nikola Majstorovi\u0107 , oboje iz Jagodine, prire\u0111ene su trke pionira i penzionera, a utrci su u\u010destovali u tandem Marko Gaji\u0107 i Aleksa Petrovi\u0107.<\/p>\n<p>-Jagodina zaslu\u017euje ovaj doga\u0111aj, grad sporta. Mislim da se polumaraton uklapa u tu pri\u010du, rekao je koordinator traka van stadiona Goran \u010cegar.<\/p>\n<div id='gallery-1' class='gallery galleryid-36127 gallery-columns-7 gallery-size-thumbnail'><figure class='gallery-item'>\n\t\t\t<div class='gallery-icon landscape'>\n\t\t\t\t<a href='https:\/\/centralmedia.rs\/index.php\/2023\/09\/03\/4-jagodinski-maraton\/maraton11\/'><img loading=\"lazy\" decoding=\"async\" width=\"150\" height=\"150\" src=\"https:\/\/centralmedia.rs\/wp-content\/uploads\/2023\/09\/maraton11-150x150.jpg\" class=\"attachment-thumbnail size-thumbnail\" alt=\"\" \/><\/a>\n\t\t\t<\/div><\/figure><figure class='gallery-item'>\n\t\t\t<div class='gallery-icon portrait'>\n\t\t\t\t<a href='https:\/\/centralmedia.rs\/index.php\/2023\/09\/03\/4-jagodinski-maraton\/maraton-5\/'><img loading=\"lazy\" decoding=\"async\" width=\"150\" height=\"150\" src=\"https:\/\/centralmedia.rs\/wp-content\/uploads\/2023\/09\/maraton-1-150x150.jpg\" class=\"attachment-thumbnail size-thumbnail\" alt=\"\" \/><\/a>\n\t\t\t<\/div><\/figure><figure class='gallery-item'>\n\t\t\t<div class='gallery-icon portrait'>\n\t\t\t\t<a href='https:\/\/centralmedia.rs\/index.php\/2023\/09\/03\/4-jagodinski-maraton\/maraton1-3\/'><img loading=\"lazy\" decoding=\"async\" width=\"150\" height=\"150\" src=\"https:\/\/centralmedia.rs\/wp-content\/uploads\/2023\/09\/maraton1-150x150.jpg\" class=\"attachment-thumbnail size-thumbnail\" alt=\"\" \/><\/a>\n\t\t\t<\/div><\/figure><figure class='gallery-item'>\n\t\t\t<div class='gallery-icon portrait'>\n\t\t\t\t<a href='https:\/\/centralmedia.rs\/index.php\/2023\/09\/03\/4-jagodinski-maraton\/maraton2\/'><img loading=\"lazy\" decoding=\"async\" width=\"150\" height=\"150\" src=\"https:\/\/centralmedia.rs\/wp-content\/uploads\/2023\/09\/maraton2-150x150.jpg\" class=\"attachment-thumbnail size-thumbnail\" alt=\"\" \/><\/a>\n\t\t\t<\/div><\/figure><figure class='gallery-item'>\n\t\t\t<div class='gallery-icon portrait'>\n\t\t\t\t<a href='https:\/\/centralmedia.rs\/index.php\/2023\/09\/03\/4-jagodinski-maraton\/maraton3\/'><img loading=\"lazy\" decoding=\"async\" width=\"150\" height=\"150\" src=\"https:\/\/centralmedia.rs\/wp-content\/uploads\/2023\/09\/maraton3-150x150.jpg\" class=\"attachment-thumbnail size-thumbnail\" alt=\"\" \/><\/a>\n\t\t\t<\/div><\/figure><figure class='gallery-item'>\n\t\t\t<div class='gallery-icon portrait'>\n\t\t\t\t<a href='https:\/\/centralmedia.rs\/index.php\/2023\/09\/03\/4-jagodinski-maraton\/maraton4\/'><img loading=\"lazy\" decoding=\"async\" width=\"150\" height=\"150\" src=\"https:\/\/centralmedia.rs\/wp-content\/uploads\/2023\/09\/maraton4-150x150.jpg\" class=\"attachment-thumbnail size-thumbnail\" alt=\"\" \/><\/a>\n\t\t\t<\/div><\/figure><figure class='gallery-item'>\n\t\t\t<div class='gallery-icon landscape'>\n\t\t\t\t<a href='https:\/\/centralmedia.rs\/index.php\/2023\/09\/03\/4-jagodinski-maraton\/maraton5\/'><img loading=\"lazy\" decoding=\"async\" width=\"150\" height=\"150\" src=\"https:\/\/centralmedia.rs\/wp-content\/uploads\/2023\/09\/maraton5-150x150.jpg\" class=\"attachment-thumbnail size-thumbnail\" alt=\"\" \/><\/a>\n\t\t\t<\/div><\/figure>\n\t\t<\/div>\n\n<p>-Trka\u010di iz Bugarske, Nepala, \u0160vedske, republika biv\u0161e Jugoslavije su u\u010destvovali. Op\u0161ti utisak je veliko zadovoljstvo. Zahvalnost lokanoj samoupravi za podr\u0161ku, re\u010di su organizatora Dejan Da\u0161i\u0107a.<\/p>\n<div id='gallery-2' class='gallery galleryid-36127 gallery-columns-6 gallery-size-thumbnail'><figure class='gallery-item'>\n\t\t\t<div class='gallery-icon landscape'>\n\t\t\t\t<a href='https:\/\/centralmedia.rs\/index.php\/2023\/09\/03\/4-jagodinski-maraton\/maraton6\/'><img loading=\"lazy\" decoding=\"async\" width=\"150\" height=\"150\" src=\"https:\/\/centralmedia.rs\/wp-content\/uploads\/2023\/09\/maraton6-150x150.jpg\" class=\"attachment-thumbnail size-thumbnail\" alt=\"\" \/><\/a>\n\t\t\t<\/div><\/figure><figure class='gallery-item'>\n\t\t\t<div class='gallery-icon landscape'>\n\t\t\t\t<a href='https:\/\/centralmedia.rs\/index.php\/2023\/09\/03\/4-jagodinski-maraton\/maraton7\/'><img loading=\"lazy\" decoding=\"async\" width=\"150\" height=\"150\" src=\"https:\/\/centralmedia.rs\/wp-content\/uploads\/2023\/09\/maraton7-150x150.jpg\" class=\"attachment-thumbnail size-thumbnail\" alt=\"\" \/><\/a>\n\t\t\t<\/div><\/figure><figure class='gallery-item'>\n\t\t\t<div class='gallery-icon landscape'>\n\t\t\t\t<a href='https:\/\/centralmedia.rs\/index.php\/2023\/09\/03\/4-jagodinski-maraton\/maraton8\/'><img loading=\"lazy\" decoding=\"async\" width=\"150\" height=\"150\" src=\"https:\/\/centralmedia.rs\/wp-content\/uploads\/2023\/09\/maraton8-150x150.jpg\" class=\"attachment-thumbnail size-thumbnail\" alt=\"\" \/><\/a>\n\t\t\t<\/div><\/figure><figure class='gallery-item'>\n\t\t\t<div class='gallery-icon landscape'>\n\t\t\t\t<a href='https:\/\/centralmedia.rs\/index.php\/2023\/09\/03\/4-jagodinski-maraton\/maraton9\/'><img loading=\"lazy\" decoding=\"async\" width=\"150\" height=\"150\" src=\"https:\/\/centralmedia.rs\/wp-content\/uploads\/2023\/09\/maraton9-150x150.jpg\" class=\"attachment-thumbnail size-thumbnail\" alt=\"\" \/><\/a>\n\t\t\t<\/div><\/figure><figure class='gallery-item'>\n\t\t\t<div class='gallery-icon portrait'>\n\t\t\t\t<a href='https:\/\/centralmedia.rs\/index.php\/2023\/09\/03\/4-jagodinski-maraton\/maraton10\/'><img loading=\"lazy\" decoding=\"async\" width=\"150\" height=\"150\" src=\"https:\/\/centralmedia.rs\/wp-content\/uploads\/2023\/09\/maraton10-150x150.jpg\" class=\"attachment-thumbnail size-thumbnail\" alt=\"\" \/><\/a>\n\t\t\t<\/div><\/figure><figure class='gallery-item'>\n\t\t\t<div class='gallery-icon landscape'>\n\t\t\t\t<a href='https:\/\/centralmedia.rs\/index.php\/2023\/09\/03\/4-jagodinski-maraton\/maraton12\/'><img loading=\"lazy\" decoding=\"async\" width=\"150\" height=\"150\" src=\"https:\/\/centralmedia.rs\/wp-content\/uploads\/2023\/09\/maraton12-150x150.jpg\" class=\"attachment-thumbnail size-thumbnail\" alt=\"\" \/><\/a>\n\t\t\t<\/div><\/figure>\n\t\t<\/div>\n\n<p>-Pronosi se lepa slika grada ne samo u Srbiji, ve\u0107 \u0161irom Evrope. Grad je maksimalno\u00a0 u\u010destovao u oragnizaciji i finasiranju, istakao je Zoran Gligorijevi\u0107, direktor Jase.<\/p>\n<p>Slobodanu Petkovi\u0107u i Dejanu Milo\u0161evi\u0107u dodeljene su Plakete. Najstariji u\u010desnik polumartaona imao je 79 godina.<\/p>\n","protected":false},"excerpt":{"rendered":"<p>JAGODINA- Pobednici 4. \u201eJagodinskog maratona\u201c su Elena Sokolova iz Rusije i Sa\u0161a Miljkovi\u0107 iz Kosovske Mitrovice, koji su prvi stigli na cilj polumaratona, trke \u00a0od &hellip; <\/p>\n","protected":false},"author":2,"featured_media":36128,"comment_status":"open","ping_status":"open","sticky":false,"template":"","format":"standard","meta":{"footnotes":""},"categories":[1524,2,1514,5643,887,21,12],"tags":[58,3586],"_links":{"self":[{"href":"https:\/\/centralmedia.rs\/index.php\/wp-json\/wp\/v2\/posts\/36127"}],"collection":[{"href":"https:\/\/centralmedia.rs\/index.php\/wp-json\/wp\/v2\/posts"}],"about":[{"href":"https:\/\/centralmedia.rs\/index.php\/wp-json\/wp\/v2\/types\/post"}],"author":[{"embeddable":true,"href":"https:\/\/centralmedia.rs\/index.php\/wp-json\/wp\/v2\/users\/2"}],"replies":[{"embeddable":true,"href":"https:\/\/centralmedia.rs\/index.php\/wp-json\/wp\/v2\/comments?post=36127"}],"version-history":[{"count":1,"href":"https:\/\/centralmedia.rs\/index.php\/wp-json\/wp\/v2\/posts\/36127\/revisions"}],"predecessor-version":[{"id":36141,"href":"https:\/\/centralmedia.rs\/index.php\/wp-json\/wp\/v2\/posts\/36127\/revisions\/36141"}],"wp:featuredmedia":[{"embeddable":true,"href":"https:\/\/centralmedia.rs\/index.php\/wp-json\/wp\/v2\/media\/36128"}],"wp:attachment":[{"href":"https:\/\/centralmedia.rs\/index.php\/wp-json\/wp\/v2\/media?parent=36127"}],"wp:term":[{"taxonomy":"category","embeddable":true,"href":"https:\/\/centralmedia.rs\/index.php\/wp-json\/wp\/v2\/categories?post=36127"},{"taxonomy":"post_tag","embeddable":true,"href":"https:\/\/centralmedia.rs\/index.php\/wp-json\/wp\/v2\/tags?post=36127"}],"curies":[{"name":"wp","href":"https:\/\/api.w.org\/{rel}","templated":true}]}}