{"id":36149,"date":"2023-09-05T07:20:31","date_gmt":"2023-09-05T05:20:31","guid":{"rendered":"http:\/\/centralmedia.rs\/?p=36149"},"modified":"2023-09-07T16:30:03","modified_gmt":"2023-09-07T14:30:03","slug":"11-animator-fest-u-jagodini","status":"publish","type":"post","link":"https:\/\/centralmedia.rs\/index.php\/2023\/09\/05\/11-animator-fest-u-jagodini\/","title":{"rendered":"11. ANIMATOR FEST U JAGODINI"},"content":{"rendered":"<p>JAGODINA- 11. \u201cAnimator fest \u2013 evropski festival animiranog filma dece i mladih\u201d bi\u0107e odr\u017ean od 6. do 10. septembra uz podr\u0161ku Ministarstva kulture Republike Srbije, grada Jagodine i Filmskog centra Srbije.<\/p>\n<p><img loading=\"lazy\" decoding=\"async\" class=\"alignnone wp-image-36152 size-large\" src=\"http:\/\/centralmedia.rs\/wp-content\/uploads\/2023\/09\/animator-819x1024.jpg\" alt=\"\" width=\"640\" height=\"800\" srcset=\"https:\/\/centralmedia.rs\/wp-content\/uploads\/2023\/09\/animator-819x1024.jpg 819w, https:\/\/centralmedia.rs\/wp-content\/uploads\/2023\/09\/animator-240x300.jpg 240w, https:\/\/centralmedia.rs\/wp-content\/uploads\/2023\/09\/animator-768x960.jpg 768w, https:\/\/centralmedia.rs\/wp-content\/uploads\/2023\/09\/animator-336x420.jpg 336w, https:\/\/centralmedia.rs\/wp-content\/uploads\/2023\/09\/animator-640x800.jpg 640w, https:\/\/centralmedia.rs\/wp-content\/uploads\/2023\/09\/animator-681x852.jpg 681w, https:\/\/centralmedia.rs\/wp-content\/uploads\/2023\/09\/animator.jpg 1349w\" sizes=\"(max-width: 640px) 100vw, 640px\" \/><\/p>\n<p>Na ovogodi\u0161nji festival pristiglo je 1.546 filmova iz raznih evropskih zemalja, od kojih je selekciona komisija izabrala najbolje. Ovogodi\u0161nji filmovi podeljeni su u 3 takmi\u010darske kategorije &#8211; kratki autorski animirani film, studentski film i filmovi dece i mladih.<\/p>\n<p>\u201cAnimator fest\u201d je evropski festival koji se fokusira na de\u010diju produkciju animiranih filmova i autorski animirani film. Svakog septembra u tri takmi\u010darska programa predstavlja vrhunsku evropsku produkciju de\u010dijih i omladinskih filmova i pa\u017eljivo odabranih filmova za decu i mlade. Publika svih uzrasta i ove godine ima\u0107e priliku da u\u017eiva u bogatom filmskom programu, kao i u brojnim doga\u0111ajima, poput razgovora sa autorima, predavanjima, okruglim stolovima, radionicama, izlo\u017ebama, koncertima i neformalnim okupljanjima.<\/p>\n<p>U okviru prate\u0107eg programa bi\u0107e organizovana izlo\u017eba fotografija Mione Raci\u0107, Sare Bogdanov i Izabele Milovanovi\u0107 pod nazivom \u201cIzme\u0111u\u201d i izlo\u017eba grafika i umetni\u010dkih knjiga Vanje Bajovi\u0107 \u201cTragom pesme i se\u0107anja\u201d, zatim dve radionice animacije &#8211; \u201cZapalite va\u0161e neverovatne umove!\u201d Lorana Guja koji \u0107e polaznike u\u010diti o animaciji upotrebom samo mobilnog telefona, i radionica \u201cStop-trik ekspres\u201d redovnog gosta festivala, animatora i filmad\u017eije Milo\u0161a Tomi\u0107a.<\/p>\n<p>Filmski novitet bi\u0107e panel diskusija \u201cRu\u017ei\u010dasti filter &#8211; Neverovatne \u017eene animacije\u201d, a publici \u0107e se predstaviti i gostuju\u0107i omladinski festival iz Gr\u010dke \u201cCamera Zizanio\u201d. Tre\u0107u godinu za redom, kraj festivala rezervisan je za program Film i kafi\u0107arenje\u2026<\/p>\n<p>Festival se ve\u0107 smatra posebnim doga\u0111ajem na jagodinskoj kulturnoj sceni sa nacionalnog i me\u0111unarodnog stanovi\u0161ta. Organizatori ka\u017eu da je cilj \u201cAnimator fest-a\u201d da bude \u017eari\u0161te susreta stru\u010dnjaka iz regiona i sveta, da privu\u010de interesovanje lokalne javnosti i skrene me\u0111unarodnu pa\u017enju na umetnost animiranog filma. Me\u0111utim, su\u0161tinski, \u017eele da dirnu srca mnoge dece, mladih i odraslih kako u Jagodini, tako i \u0161irom Evrope.<\/p>\n<p>&nbsp;<\/p>\n","protected":false},"excerpt":{"rendered":"<p>JAGODINA- 11. \u201cAnimator fest \u2013 evropski festival animiranog filma dece i mladih\u201d bi\u0107e odr\u017ean od 6. do 10. septembra uz podr\u0161ku Ministarstva kulture Republike Srbije, &hellip; <\/p>\n","protected":false},"author":2,"featured_media":36150,"comment_status":"open","ping_status":"open","sticky":false,"template":"","format":"standard","meta":{"footnotes":""},"categories":[1524,2,5643,1514,15,887,12],"tags":[6309,58],"_links":{"self":[{"href":"https:\/\/centralmedia.rs\/index.php\/wp-json\/wp\/v2\/posts\/36149"}],"collection":[{"href":"https:\/\/centralmedia.rs\/index.php\/wp-json\/wp\/v2\/posts"}],"about":[{"href":"https:\/\/centralmedia.rs\/index.php\/wp-json\/wp\/v2\/types\/post"}],"author":[{"embeddable":true,"href":"https:\/\/centralmedia.rs\/index.php\/wp-json\/wp\/v2\/users\/2"}],"replies":[{"embeddable":true,"href":"https:\/\/centralmedia.rs\/index.php\/wp-json\/wp\/v2\/comments?post=36149"}],"version-history":[{"count":2,"href":"https:\/\/centralmedia.rs\/index.php\/wp-json\/wp\/v2\/posts\/36149\/revisions"}],"predecessor-version":[{"id":36154,"href":"https:\/\/centralmedia.rs\/index.php\/wp-json\/wp\/v2\/posts\/36149\/revisions\/36154"}],"wp:featuredmedia":[{"embeddable":true,"href":"https:\/\/centralmedia.rs\/index.php\/wp-json\/wp\/v2\/media\/36150"}],"wp:attachment":[{"href":"https:\/\/centralmedia.rs\/index.php\/wp-json\/wp\/v2\/media?parent=36149"}],"wp:term":[{"taxonomy":"category","embeddable":true,"href":"https:\/\/centralmedia.rs\/index.php\/wp-json\/wp\/v2\/categories?post=36149"},{"taxonomy":"post_tag","embeddable":true,"href":"https:\/\/centralmedia.rs\/index.php\/wp-json\/wp\/v2\/tags?post=36149"}],"curies":[{"name":"wp","href":"https:\/\/api.w.org\/{rel}","templated":true}]}}