{"id":36157,"date":"2023-09-02T17:00:02","date_gmt":"2023-09-02T15:00:02","guid":{"rendered":"http:\/\/centralmedia.rs\/?p=36157"},"modified":"2023-09-05T17:00:20","modified_gmt":"2023-09-05T15:00:20","slug":"ambulanta-u-lomnici","status":"publish","type":"post","link":"https:\/\/centralmedia.rs\/index.php\/2023\/09\/02\/ambulanta-u-lomnici\/","title":{"rendered":"AMBULANTA U LOMNICI"},"content":{"rendered":"<p>DESPOTOVAC-Od po\u010detka meseca ponovo je po\u010dela sa radom ambulanta u Lomnici kod Despotovca. Ovo selo je i u ranijem periodu imalo ambulantu ali je zbog KOVID pandemije morala da bude zatvorena. Sada su prostorije renovirane, adekvatno opremljene i me\u0161tani \u0107e mo\u0107i ovde da dobiju lekarske preglede, utorkom i petkom od 7:30 do 10:30 \u010dasova.<\/p>\n<p><img loading=\"lazy\" decoding=\"async\" class=\"alignnone wp-image-36159 size-large\" src=\"http:\/\/centralmedia.rs\/wp-content\/uploads\/2023\/09\/ambulanta1-1024x686.jpg\" alt=\"\" width=\"640\" height=\"429\" srcset=\"https:\/\/centralmedia.rs\/wp-content\/uploads\/2023\/09\/ambulanta1-1024x686.jpg 1024w, https:\/\/centralmedia.rs\/wp-content\/uploads\/2023\/09\/ambulanta1-300x201.jpg 300w, https:\/\/centralmedia.rs\/wp-content\/uploads\/2023\/09\/ambulanta1-768x514.jpg 768w, https:\/\/centralmedia.rs\/wp-content\/uploads\/2023\/09\/ambulanta1-627x420.jpg 627w, https:\/\/centralmedia.rs\/wp-content\/uploads\/2023\/09\/ambulanta1-537x360.jpg 537w, https:\/\/centralmedia.rs\/wp-content\/uploads\/2023\/09\/ambulanta1-640x428.jpg 640w, https:\/\/centralmedia.rs\/wp-content\/uploads\/2023\/09\/ambulanta1-681x456.jpg 681w, https:\/\/centralmedia.rs\/wp-content\/uploads\/2023\/09\/ambulanta1.jpg 2048w\" sizes=\"(max-width: 640px) 100vw, 640px\" \/><\/p>\n<p>Prvog dana rada, ambulantu su posetili predsednik op\u0161tine Despotovac, dr Zlatko Marjanovi\u0107 i direktorka Doma zdravlja u Despotovcu, dr Danijela Mati\u0107.<\/p>\n<p>\u201eNakon vi\u0161e od tri godine pauze rada ambulante, od danas me\u0161tani imaju ponovo mogu\u0107nost da ovde budu pregledani od lekara op\u0161te prakse, prime redovnu terapiju, dobiju uput kako za regionalne tako i klini\u010dke centre, i sve ostalo \u0161to ide uz jednu ambulantu. Moramo da znamo da nije bilo dovoljno lekara u vreme Kovida i morali smo zbog toga da ih povla\u010dimo sa terena i na \u017ealost zatvorimo ambulantu kao \u0161to je ova, me\u0111utim sada je to pro\u0161lost i meni je drago da ambulanta ovde u Lomnici ponovo radi i da \u0107e ljudi ovde dobijati adekvatno le\u010denje\u201c, rekao je predsednik op\u0161tine Despotovac , dr Zlatko Marjanovi\u0107.<\/p>\n","protected":false},"excerpt":{"rendered":"<p>DESPOTOVAC-Od po\u010detka meseca ponovo je po\u010dela sa radom ambulanta u Lomnici kod Despotovca. Ovo selo je i u ranijem periodu imalo ambulantu ali je zbog &hellip; <\/p>\n","protected":false},"author":2,"featured_media":36158,"comment_status":"open","ping_status":"open","sticky":false,"template":"","format":"standard","meta":{"footnotes":""},"categories":[1518,5786,28,1524,2,887,12],"tags":[1782,1406],"_links":{"self":[{"href":"https:\/\/centralmedia.rs\/index.php\/wp-json\/wp\/v2\/posts\/36157"}],"collection":[{"href":"https:\/\/centralmedia.rs\/index.php\/wp-json\/wp\/v2\/posts"}],"about":[{"href":"https:\/\/centralmedia.rs\/index.php\/wp-json\/wp\/v2\/types\/post"}],"author":[{"embeddable":true,"href":"https:\/\/centralmedia.rs\/index.php\/wp-json\/wp\/v2\/users\/2"}],"replies":[{"embeddable":true,"href":"https:\/\/centralmedia.rs\/index.php\/wp-json\/wp\/v2\/comments?post=36157"}],"version-history":[{"count":1,"href":"https:\/\/centralmedia.rs\/index.php\/wp-json\/wp\/v2\/posts\/36157\/revisions"}],"predecessor-version":[{"id":36160,"href":"https:\/\/centralmedia.rs\/index.php\/wp-json\/wp\/v2\/posts\/36157\/revisions\/36160"}],"wp:featuredmedia":[{"embeddable":true,"href":"https:\/\/centralmedia.rs\/index.php\/wp-json\/wp\/v2\/media\/36158"}],"wp:attachment":[{"href":"https:\/\/centralmedia.rs\/index.php\/wp-json\/wp\/v2\/media?parent=36157"}],"wp:term":[{"taxonomy":"category","embeddable":true,"href":"https:\/\/centralmedia.rs\/index.php\/wp-json\/wp\/v2\/categories?post=36157"},{"taxonomy":"post_tag","embeddable":true,"href":"https:\/\/centralmedia.rs\/index.php\/wp-json\/wp\/v2\/tags?post=36157"}],"curies":[{"name":"wp","href":"https:\/\/api.w.org\/{rel}","templated":true}]}}