{"id":36161,"date":"2023-09-05T17:02:22","date_gmt":"2023-09-05T15:02:22","guid":{"rendered":"http:\/\/centralmedia.rs\/?p=36161"},"modified":"2023-09-14T00:15:06","modified_gmt":"2023-09-13T22:15:06","slug":"donacije-ucenicima-poljoprivredne-skole-u-svilajncu","status":"publish","type":"post","link":"https:\/\/centralmedia.rs\/index.php\/2023\/09\/05\/donacije-ucenicima-poljoprivredne-skole-u-svilajncu\/","title":{"rendered":"DONACIJE U\u010cENICIMA POLjOPRIVREDNE \u0160KOLE U SVILAJNCU"},"content":{"rendered":"<p>SVILAJNAC-Danas su u amfiteatru Poljoprivredno-veterinarske \u0161kole sa domom u\u010denika \u201eSvilajnac\u201d za 12 u\u010denika \u0160kole uru\u010deni ugovori sa Fondacijom Ana i Vlade Divac o donaciji sredstava iz Fonda za podr\u0161ku mladim poljoprivrednicima, \u010dije je osnivanje finansijski podr\u017eala Op\u0161tina Svilajnac kroz projekat \u201eVelika mala privreda&#8221;. Ovaj projekat finansira USAID, a sprovodi ACDI\/VOCA. Cilj fonda je da se podr\u017ee u\u010denici zavr\u0161ne godine poljoprivrednih \u0161kola koji \u017eele da nastave da se bave poljoprivredom i unapre\u0111uju svoje porodi\u010dno gazdinstvo.<\/p>\n<div id='gallery-1' class='gallery galleryid-36161 gallery-columns-3 gallery-size-thumbnail'><figure class='gallery-item'>\n\t\t\t<div class='gallery-icon landscape'>\n\t\t\t\t<a href='https:\/\/centralmedia.rs\/index.php\/2023\/09\/05\/donacije-ucenicima-poljoprivredne-skole-u-svilajncu\/ugovori-3\/'><img loading=\"lazy\" decoding=\"async\" width=\"150\" height=\"150\" src=\"https:\/\/centralmedia.rs\/wp-content\/uploads\/2023\/09\/ugovori-150x150.jpg\" class=\"attachment-thumbnail size-thumbnail\" alt=\"\" \/><\/a>\n\t\t\t<\/div><\/figure><figure class='gallery-item'>\n\t\t\t<div class='gallery-icon landscape'>\n\t\t\t\t<a href='https:\/\/centralmedia.rs\/index.php\/2023\/09\/05\/donacije-ucenicima-poljoprivredne-skole-u-svilajncu\/ugovori1\/'><img loading=\"lazy\" decoding=\"async\" width=\"150\" height=\"150\" src=\"https:\/\/centralmedia.rs\/wp-content\/uploads\/2023\/09\/ugovori1-150x150.jpg\" class=\"attachment-thumbnail size-thumbnail\" alt=\"\" \/><\/a>\n\t\t\t<\/div><\/figure><figure class='gallery-item'>\n\t\t\t<div class='gallery-icon landscape'>\n\t\t\t\t<a href='https:\/\/centralmedia.rs\/index.php\/2023\/09\/05\/donacije-ucenicima-poljoprivredne-skole-u-svilajncu\/ugovori2\/'><img loading=\"lazy\" decoding=\"async\" width=\"150\" height=\"150\" src=\"https:\/\/centralmedia.rs\/wp-content\/uploads\/2023\/09\/ugovori2-150x150.jpg\" class=\"attachment-thumbnail size-thumbnail\" alt=\"\" \/><\/a>\n\t\t\t<\/div><\/figure>\n\t\t<\/div>\n\n<p>Sve\u010danom uru\u010denju ugovora u\u010denicima \u0161kole prisustvovali su predsednik i predstavnici Op\u0161tine Svilajnac, direktor i u\u010denici Poljoprivredno-veterinarske \u0161kole sa domom u\u010denika \u201eSvilajnac\u201d, predstavnici Projekta Velika mala privreda (USAID, ACDI\/VOCA) i Fondacije Ana i Vlade Divac.<\/p>\n<p>Fond za podr\u0161ku srednjo\u0161kolcima iz Svilajnca osnovan je u februaru ove godine, op\u0161tina Svilajnac izdvojila je milion dinara, a Fondacija Ana i Vlade Divac 700.000 dinara:<\/p>\n<p>\u201dOvo je mali ali zna\u010dajan doprinos da ovi mladi ljudi unaprede svoja gazdinstva, ali i svoje znanje, koje \u0107e i prakti\u010dno primeniti u proizvodnji. Nastavi\u0107emo da sara\u0111ujemo sa ovim Fondom i u narednim godinama, a ujedno da budemo i primer nekim drugim op\u0161tinama kako da se priklju\u010de ovom projektu\u201d \u2013 izjavio je predsednik op\u0161tine Svilajnac Predrag Milanovi\u0107.<\/p>\n<p>Prema re\u010dima direktorke Fondacije Ana i Vlade Divac Ane Ko\u0161el, u\u010denici su kroz ovaj projekat, osim finansijske podr\u0161ke, prisustvovali predavanjima, dobili podr\u0161ku mentora i nau\u010dili da razvijaju poslovni plan:<\/p>\n<p>\u201dPrioritet na\u0161e Fondacije je poljoprivreda, naro\u010dito ulaganje u mlade poljoprivrednike, ovde u Svilajncu imali smo izuzetnu saradnju koju planiramo da nastavimo. U\u010denici su nabavili opremu koja je bila potrebna njihovim gazdinstvima kako bi unapredili proizvodnju i imamo stvarno vrednu decu koju \u0107emo nastaviti da podr\u017eavamo\u201d \u2013 izjavila je Ko\u0161el.<\/p>\n","protected":false},"excerpt":{"rendered":"<p>SVILAJNAC-Danas su u amfiteatru Poljoprivredno-veterinarske \u0161kole sa domom u\u010denika \u201eSvilajnac\u201d za 12 u\u010denika \u0160kole uru\u010deni ugovori sa Fondacijom Ana i Vlade Divac o donaciji sredstava &hellip; <\/p>\n","protected":false},"author":2,"featured_media":36162,"comment_status":"open","ping_status":"open","sticky":false,"template":"","format":"standard","meta":{"footnotes":""},"categories":[14,1524,2,887,12,5785,1517],"tags":[1861,38,196],"_links":{"self":[{"href":"https:\/\/centralmedia.rs\/index.php\/wp-json\/wp\/v2\/posts\/36161"}],"collection":[{"href":"https:\/\/centralmedia.rs\/index.php\/wp-json\/wp\/v2\/posts"}],"about":[{"href":"https:\/\/centralmedia.rs\/index.php\/wp-json\/wp\/v2\/types\/post"}],"author":[{"embeddable":true,"href":"https:\/\/centralmedia.rs\/index.php\/wp-json\/wp\/v2\/users\/2"}],"replies":[{"embeddable":true,"href":"https:\/\/centralmedia.rs\/index.php\/wp-json\/wp\/v2\/comments?post=36161"}],"version-history":[{"count":2,"href":"https:\/\/centralmedia.rs\/index.php\/wp-json\/wp\/v2\/posts\/36161\/revisions"}],"predecessor-version":[{"id":36167,"href":"https:\/\/centralmedia.rs\/index.php\/wp-json\/wp\/v2\/posts\/36161\/revisions\/36167"}],"wp:featuredmedia":[{"embeddable":true,"href":"https:\/\/centralmedia.rs\/index.php\/wp-json\/wp\/v2\/media\/36162"}],"wp:attachment":[{"href":"https:\/\/centralmedia.rs\/index.php\/wp-json\/wp\/v2\/media?parent=36161"}],"wp:term":[{"taxonomy":"category","embeddable":true,"href":"https:\/\/centralmedia.rs\/index.php\/wp-json\/wp\/v2\/categories?post=36161"},{"taxonomy":"post_tag","embeddable":true,"href":"https:\/\/centralmedia.rs\/index.php\/wp-json\/wp\/v2\/tags?post=36161"}],"curies":[{"name":"wp","href":"https:\/\/api.w.org\/{rel}","templated":true}]}}