{"id":36168,"date":"2023-09-02T17:04:22","date_gmt":"2023-09-02T15:04:22","guid":{"rendered":"http:\/\/centralmedia.rs\/?p=36168"},"modified":"2023-09-05T17:04:32","modified_gmt":"2023-09-05T15:04:32","slug":"pocetak-nove-skolske-godine-2","status":"publish","type":"post","link":"https:\/\/centralmedia.rs\/index.php\/2023\/09\/02\/pocetak-nove-skolske-godine-2\/","title":{"rendered":"PO\u010cETAK NOVE \u0160KOLSKE GODINE"},"content":{"rendered":"<p>SVILAJNAC-U svim osnovnim \u0161kolama na teritoriji op\u0161tine Svilajnac uspe\u0161no je po\u010dela nova \u0161kolska godina.<\/p>\n<p>Op\u0161tina Svilajnac poklonila je ran\u010deve za sve \u0111ake prvake sa teritorije na\u0161e Op\u0161tine, koje je \u0111acima sve\u010dano uru\u010dila zamenik predsednika op\u0161tine Svilajnac Dragana Radevi\u0107:<\/p>\n<p>&#8220;Ovu \u0161kolsku godinu sve \u0161kole do\u010dekuju spremne, a i ove godine sve na\u0161e prvake obradovali smo novim ran\u010devima\u201d \u2013 izjavila je ona po\u017eelev\u0161i svim \u0111acima i njihovim roditeljima sre\u0107an po\u010detak \u0161kolske godine.<\/p>\n<p>Tako\u0111e, Centar za brigu o porodici i Centar za socijalni rad podelili su \u0161kolski pribor za sve korisnike.<\/p>\n","protected":false},"excerpt":{"rendered":"<p>SVILAJNAC-U svim osnovnim \u0161kolama na teritoriji op\u0161tine Svilajnac uspe\u0161no je po\u010dela nova \u0161kolska godina. Op\u0161tina Svilajnac poklonila je ran\u010deve za sve \u0111ake prvake sa teritorije &hellip; <\/p>\n","protected":false},"author":2,"featured_media":36169,"comment_status":"open","ping_status":"open","sticky":false,"template":"","format":"standard","meta":{"footnotes":""},"categories":[14,1524,2,887,12,1517,5785],"tags":[497,38],"_links":{"self":[{"href":"https:\/\/centralmedia.rs\/index.php\/wp-json\/wp\/v2\/posts\/36168"}],"collection":[{"href":"https:\/\/centralmedia.rs\/index.php\/wp-json\/wp\/v2\/posts"}],"about":[{"href":"https:\/\/centralmedia.rs\/index.php\/wp-json\/wp\/v2\/types\/post"}],"author":[{"embeddable":true,"href":"https:\/\/centralmedia.rs\/index.php\/wp-json\/wp\/v2\/users\/2"}],"replies":[{"embeddable":true,"href":"https:\/\/centralmedia.rs\/index.php\/wp-json\/wp\/v2\/comments?post=36168"}],"version-history":[{"count":1,"href":"https:\/\/centralmedia.rs\/index.php\/wp-json\/wp\/v2\/posts\/36168\/revisions"}],"predecessor-version":[{"id":36170,"href":"https:\/\/centralmedia.rs\/index.php\/wp-json\/wp\/v2\/posts\/36168\/revisions\/36170"}],"wp:featuredmedia":[{"embeddable":true,"href":"https:\/\/centralmedia.rs\/index.php\/wp-json\/wp\/v2\/media\/36169"}],"wp:attachment":[{"href":"https:\/\/centralmedia.rs\/index.php\/wp-json\/wp\/v2\/media?parent=36168"}],"wp:term":[{"taxonomy":"category","embeddable":true,"href":"https:\/\/centralmedia.rs\/index.php\/wp-json\/wp\/v2\/categories?post=36168"},{"taxonomy":"post_tag","embeddable":true,"href":"https:\/\/centralmedia.rs\/index.php\/wp-json\/wp\/v2\/tags?post=36168"}],"curies":[{"name":"wp","href":"https:\/\/api.w.org\/{rel}","templated":true}]}}