{"id":36185,"date":"2023-09-07T15:19:51","date_gmt":"2023-09-07T13:19:51","guid":{"rendered":"http:\/\/centralmedia.rs\/?p=36185"},"modified":"2023-09-10T22:51:22","modified_gmt":"2023-09-10T20:51:22","slug":"litija-do-manastira-josanica","status":"publish","type":"post","link":"https:\/\/centralmedia.rs\/index.php\/2023\/09\/07\/litija-do-manastira-josanica\/","title":{"rendered":"LITIJA DO MANASTIRA JO\u0160ANICA"},"content":{"rendered":"<p>JAGODINA- U subotu 9. septembra bi\u0107e odr\u017eana Litija do Manastira Jo\u0161anice kod Jagodine povodom proslave Sabora srpskih Svetitelja. Polazak je u 13 \u010dasova od Stare crkve.<\/p>\n","protected":false},"excerpt":{"rendered":"<p>JAGODINA- U subotu 9. septembra bi\u0107e odr\u017eana Litija do Manastira Jo\u0161anice kod Jagodine povodom proslave Sabora srpskih Svetitelja. Polazak je u 13 \u010dasova od Stare &hellip; <\/p>\n","protected":false},"author":2,"featured_media":4677,"comment_status":"open","ping_status":"open","sticky":false,"template":"","format":"standard","meta":{"footnotes":""},"categories":[14,1524,2,1514,5643,887,12],"tags":[58,1220,1219,4989],"_links":{"self":[{"href":"https:\/\/centralmedia.rs\/index.php\/wp-json\/wp\/v2\/posts\/36185"}],"collection":[{"href":"https:\/\/centralmedia.rs\/index.php\/wp-json\/wp\/v2\/posts"}],"about":[{"href":"https:\/\/centralmedia.rs\/index.php\/wp-json\/wp\/v2\/types\/post"}],"author":[{"embeddable":true,"href":"https:\/\/centralmedia.rs\/index.php\/wp-json\/wp\/v2\/users\/2"}],"replies":[{"embeddable":true,"href":"https:\/\/centralmedia.rs\/index.php\/wp-json\/wp\/v2\/comments?post=36185"}],"version-history":[{"count":1,"href":"https:\/\/centralmedia.rs\/index.php\/wp-json\/wp\/v2\/posts\/36185\/revisions"}],"predecessor-version":[{"id":36186,"href":"https:\/\/centralmedia.rs\/index.php\/wp-json\/wp\/v2\/posts\/36185\/revisions\/36186"}],"wp:featuredmedia":[{"embeddable":true,"href":"https:\/\/centralmedia.rs\/index.php\/wp-json\/wp\/v2\/media\/4677"}],"wp:attachment":[{"href":"https:\/\/centralmedia.rs\/index.php\/wp-json\/wp\/v2\/media?parent=36185"}],"wp:term":[{"taxonomy":"category","embeddable":true,"href":"https:\/\/centralmedia.rs\/index.php\/wp-json\/wp\/v2\/categories?post=36185"},{"taxonomy":"post_tag","embeddable":true,"href":"https:\/\/centralmedia.rs\/index.php\/wp-json\/wp\/v2\/tags?post=36185"}],"curies":[{"name":"wp","href":"https:\/\/api.w.org\/{rel}","templated":true}]}}