{"id":36243,"date":"2023-09-12T19:52:19","date_gmt":"2023-09-12T17:52:19","guid":{"rendered":"http:\/\/centralmedia.rs\/?p=36243"},"modified":"2023-09-14T00:16:07","modified_gmt":"2023-09-13T22:16:07","slug":"odrzana-dvadeset-prva-sednica-skupstine-opstine-svilajnac","status":"publish","type":"post","link":"https:\/\/centralmedia.rs\/index.php\/2023\/09\/12\/odrzana-dvadeset-prva-sednica-skupstine-opstine-svilajnac\/","title":{"rendered":"ODR\u017dANA DVADESET PRVA SEDNICA SKUP\u0160TINE OP\u0160TINE SVILAJNAC"},"content":{"rendered":"<p>Dvadeset prva redovna sednica SO Svilajnac odr\u017eana je uz prisustvo 37\u00a0 odbornika.<\/p>\n<p>Na dnevnom redu na\u0161lo se 14 ta\u010daka, a me\u0111u njima je i Odluka o izmenama i dopunama Odluke o pravima gra\u0111anja i pru\u017eanju usluga u oblasti socijalne za\u0161tite, na osnovu koje \u0107e od sada besplatan prevoz imati penzioneri sa penzijom do 30.000 dinara, kao i korisnici nov\u010dane socijalne pomo\u0107i. Za vr\u0161ioca du\u017eosti Centra za kulturu \u201eSvilajnac\u201c imenovana je Jelena Tomi\u0107, a Centra za brigu o deci, starima i osobama sa invaliditetom Irena Milo\u0161evi\u0107.<\/p>\n<p>Predsednik op\u0161tine Svilajnac Predrag Milanovi\u0107 jo\u0161 jednom je podsetio na najva\u017enije projekte u gradu i selima koji su ura\u0111eni i planirani, istakav\u0161i da je ovo godina najva\u017enijih i najve\u0107ih projekata u infrastrukturi. Neki od njih su: vodovod u Pro\u0161tincu i Bobovu, domovi kulture u Bobovu i Glo\u017eanu koji se rade, i u Subotici koji je ura\u0111en, nastavak rekonstrukcije Krive \u010car\u0161ije, izgradnja mosta na Moravi u selu Vojska, realizacija projekta navodnjavanja resavske celine itd&#8230; Planirano je da se uradi zamena kompletne rasvete u svim mesnim zajednicama, nakon \u0161to je Op\u0161tina ve\u0107 preuzela pla\u0107anje tro\u0161kova javne rasvete po selima. Dve fabrike u Novoj zoni privre\u0111ivanja grade svoje pogone, Alkom sistemi zavr\u0161avaju izgradnju hale, a Doku san zapo\u010dinje izgradnju. Do kraja godine planirano je jo\u0161 dosta radova u infrastrukturi, rekonstrukcija pojedinih ulica i u gradu i u selima.<\/p>\n","protected":false},"excerpt":{"rendered":"<p>Dvadeset prva redovna sednica SO Svilajnac odr\u017eana je uz prisustvo 37\u00a0 odbornika. Na dnevnom redu na\u0161lo se 14 ta\u010daka, a me\u0111u njima je i Odluka &hellip; <\/p>\n","protected":false},"author":2,"featured_media":36244,"comment_status":"open","ping_status":"open","sticky":false,"template":"","format":"standard","meta":{"footnotes":""},"categories":[1524,2,13,887,12,5785,1517],"tags":[216,2823,1233],"_links":{"self":[{"href":"https:\/\/centralmedia.rs\/index.php\/wp-json\/wp\/v2\/posts\/36243"}],"collection":[{"href":"https:\/\/centralmedia.rs\/index.php\/wp-json\/wp\/v2\/posts"}],"about":[{"href":"https:\/\/centralmedia.rs\/index.php\/wp-json\/wp\/v2\/types\/post"}],"author":[{"embeddable":true,"href":"https:\/\/centralmedia.rs\/index.php\/wp-json\/wp\/v2\/users\/2"}],"replies":[{"embeddable":true,"href":"https:\/\/centralmedia.rs\/index.php\/wp-json\/wp\/v2\/comments?post=36243"}],"version-history":[{"count":1,"href":"https:\/\/centralmedia.rs\/index.php\/wp-json\/wp\/v2\/posts\/36243\/revisions"}],"predecessor-version":[{"id":36245,"href":"https:\/\/centralmedia.rs\/index.php\/wp-json\/wp\/v2\/posts\/36243\/revisions\/36245"}],"wp:featuredmedia":[{"embeddable":true,"href":"https:\/\/centralmedia.rs\/index.php\/wp-json\/wp\/v2\/media\/36244"}],"wp:attachment":[{"href":"https:\/\/centralmedia.rs\/index.php\/wp-json\/wp\/v2\/media?parent=36243"}],"wp:term":[{"taxonomy":"category","embeddable":true,"href":"https:\/\/centralmedia.rs\/index.php\/wp-json\/wp\/v2\/categories?post=36243"},{"taxonomy":"post_tag","embeddable":true,"href":"https:\/\/centralmedia.rs\/index.php\/wp-json\/wp\/v2\/tags?post=36243"}],"curies":[{"name":"wp","href":"https:\/\/api.w.org\/{rel}","templated":true}]}}